{"id":4653,"date":"2025-05-31T08:39:11","date_gmt":"2025-05-31T08:39:11","guid":{"rendered":"https:\/\/informacionlocal.es\/antigua-verteidigt-die-annahme-des-namens-von-d-guillermo-sanchez-velazquez-fuer-das-insular-hospital\/"},"modified":"2025-05-31T08:39:11","modified_gmt":"2025-05-31T08:39:11","slug":"antigua-verteidigt-die-annahme-des-namens-von-d-guillermo-sanchez-velazquez-fuer-das-insular-hospital","status":"publish","type":"post","link":"https:\/\/informacionlocal.es\/de\/antigua-verteidigt-die-annahme-des-namens-von-d-guillermo-sanchez-velazquez-fuer-das-insular-hospital\/","title":{"rendered":"Antigua verteidigt die Annahme des Namens von D. Guillermo S\u00e1nchez Vel\u00e1zquez f\u00fcr das Insular Hospital."},"content":{"rendered":"<div class=\"elementor-widget-container\">\n<p><strong>Antigua genehmigt, dass das Inselkrankenhaus den Namen von D. Guillermo S\u00e1nchez Vel\u00e1zquez annimmt<\/strong><\/p>\n<p><strong>&#8211; Mit der einzigen Gegenstimme von Coalici\u00f3n Canaria billigt der Stadtrat von Antigua in der Plenarsitzung den Vorschlag des \u00c4rztekollegiums von Las Palmas, das Krankenhaus in Hospital Insular de Fuerteventura D. Guillermo S\u00e1nchez Vel\u00e1zquez umzubenennen.<\/strong><\/p>\n<p>Der Stadtrat von Antigua hat in seiner Plenarsitzung am vergangenen Donnerstag, den 29. Mai, mit absoluter Mehrheit aller Ratsmitglieder, mit Ausnahme derjenigen der Coalici\u00f3n Canaria, beschlossen, die vom \u00c4rztekollegium von Las Palmas vorgeschlagene Anerkennung von Herrn Guillermo S\u00e1nchez Vel\u00e1zquez zu unterst\u00fctzen, der dem wichtigsten Gesundheitszentrum, dem Inselkrankenhaus von Fuerteventura, seinen Namen gibt.<\/p>\n<p>Der endg\u00fcltige Name des Hospital Insular de Fuerteventura wird derzeit noch von der Gesundheitsbeh\u00f6rde der Kanarischen Regierung festgelegt. Die \u00c4rztekammer von Las Palmas schl\u00e4gt daher den Namen Hospital Insular de Fuerteventura D. Guillermo S\u00e1nchez Vel\u00e1zquez vor.<\/p>\n<p>Ein Vorschlag, sagt der B\u00fcrgermeister Mat\u00edas Pe\u00f1a, den wir im Rathaus von Antigua ohne Zweifel annehmen und billigen, weil er die soziale und nachbarschaftliche Forderung widerspiegelt, die die Arbeit von Guillermo S\u00e1nchez Vel\u00e1zquez rechtfertigt, der nicht nur seinen Beruf in allen Ecken der Insel aus\u00fcbt, sondern auch die treibende Kraft hinter der Existenz eines Gesundheitsnetzes auf der Insel ist und am Bau der ersten \u00f6ffentlichen Klinik in der Hauptstadt beteiligt war.<\/p>\n<p>Au\u00dferdem, so f\u00fcgt der B\u00fcrgermeister hinzu, kommt der Vorschlag, den wir unterst\u00fctzen, nicht von einem politischen Gremium, sondern von einem wichtigen Gremium des kanarischen Gesundheitswesens, wie dem \u00c4rztekollegium von Las Palmas, mit dem wir die historische, berufliche und engagierte Karriere von Herrn Guillermo S\u00e1nchez Vel\u00e1zquez mit der Insel und seine Verbindung zum Inselkrankenhaus Fuerteventura anerkennen.<\/p>\n<p>Der Antrag des \u00c4rztekollegiums, der vom Ratsmitglied Jonathan Pe\u00f1a eingebracht wurde, wurde in der Plenarsitzung von allen anwesenden Ratsmitgliedern, mit Ausnahme der Vertreter des CC, unterst\u00fctzt und daher mit absoluter Mehrheit angenommen, so dass er an die Regierung der Kanarischen Inseln, das Cabildo von Fuerteventura und die Gemeinder\u00e4te zur endg\u00fcltigen Genehmigung weitergeleitet wird.<\/p>\n<\/div>\n","protected":false},"excerpt":{"rendered":"<p><strong>Antigua genehmigt, dass das Inselkrankenhaus den Namen von D. Guillermo S\u00e1nchez Vel\u00e1zquez annimmt<\/strong><\/p>\n","protected":false},"author":1,"featured_media":4650,"comment_status":"open","ping_status":"open","sticky":false,"template":"","format":"standard","meta":{"inline_featured_image":false,"jnews-multi-image_gallery":[],"jnews_single_post":[],"jnews_primary_category":[],"jnews_social_meta":[],"jnews_override_counter":[],"jnews_post_split":[],"footnotes":""},"categories":[283],"tags":[216,277],"class_list":["post-4653","post","type-post","status-publish","format-standard","has-post-thumbnail","hentry","category-antigua-de","tag-fuerteventura-de","tag-gesundheit"],"jetpack_featured_media_url":"https:\/\/informacionlocal.es\/wp-content\/uploads\/2025\/05\/alcalde-de-antigua-matias-pena.jpg","_links":{"self":[{"href":"https:\/\/informacionlocal.es\/de\/wp-json\/wp\/v2\/posts\/4653","targetHints":{"allow":["GET"]}}],"collection":[{"href":"https:\/\/informacionlocal.es\/de\/wp-json\/wp\/v2\/posts"}],"about":[{"href":"https:\/\/informacionlocal.es\/de\/wp-json\/wp\/v2\/types\/post"}],"author":[{"embeddable":true,"href":"https:\/\/informacionlocal.es\/de\/wp-json\/wp\/v2\/users\/1"}],"replies":[{"embeddable":true,"href":"https:\/\/informacionlocal.es\/de\/wp-json\/wp\/v2\/comments?post=4653"}],"version-history":[{"count":0,"href":"https:\/\/informacionlocal.es\/de\/wp-json\/wp\/v2\/posts\/4653\/revisions"}],"wp:featuredmedia":[{"embeddable":true,"href":"https:\/\/informacionlocal.es\/de\/wp-json\/wp\/v2\/media\/4650"}],"wp:attachment":[{"href":"https:\/\/informacionlocal.es\/de\/wp-json\/wp\/v2\/media?parent=4653"}],"wp:term":[{"taxonomy":"category","embeddable":true,"href":"https:\/\/informacionlocal.es\/de\/wp-json\/wp\/v2\/categories?post=4653"},{"taxonomy":"post_tag","embeddable":true,"href":"https:\/\/informacionlocal.es\/de\/wp-json\/wp\/v2\/tags?post=4653"}],"curies":[{"name":"wp","href":"https:\/\/api.w.org\/{rel}","templated":true}]}}