{"id":4629,"date":"2025-05-29T18:46:29","date_gmt":"2025-05-29T18:46:29","guid":{"rendered":"https:\/\/informacionlocal.es\/ausstellung-der-studenten-der-kunstwerkstatt-el-piso-in-der-casa-de-la-cultura-von-puerto-del-rosario\/"},"modified":"2025-05-29T18:46:29","modified_gmt":"2025-05-29T18:46:29","slug":"ausstellung-der-studenten-der-kunstwerkstatt-el-piso-in-der-casa-de-la-cultura-von-puerto-del-rosario","status":"publish","type":"post","link":"https:\/\/informacionlocal.es\/de\/ausstellung-der-studenten-der-kunstwerkstatt-el-piso-in-der-casa-de-la-cultura-von-puerto-del-rosario\/","title":{"rendered":"Ausstellung der Studenten der Kunstwerkstatt \u201eEL PISO\u201c in der Casa de la Cultura von Puerto del Rosario."},"content":{"rendered":"<div class=\"entry-content\">\n<p>Am Donnerstagnachmittag, 29. Mai, fand in der Casa de la Cultura die Er\u00f6ffnung der Ausstellung der Studenten des Kunstworkshops \u201eEL PISO\u201c statt.<\/p>\n<p>F\u00fcr <strong>B\u00fcrgermeister David de Vera<\/strong> ist es \u201eimmer wieder befriedigend zu sehen, wie verschiedene Generationen durch die Kunst zusammenkommen, mit diesen Ausstellungen, bei denen man durch Malen und Basteln das Talent von Menschen aller Altersgruppen genie\u00dfen kann\u201c.<\/p>\n<p>Der <strong>Stadtrat f\u00fcr Kultur, Juan Manuel Verdugo<\/strong>, begl\u00fcckw\u00fcnschte Inma und Pe\u00f1ita \u201ef\u00fcr die Arbeit, die sie \u00fcber so viele Jahre hinweg geleistet haben, indem sie Sch\u00fcler verschiedener Altersgruppen ausgebildet und diese Ausstellung in der Casa de la Cultura angeboten haben, die immer f\u00fcr verschiedene K\u00fcnstlergruppen offen ist\u201c.<\/p>\n<p><strong>Inma und Pe\u00f1ita von der Kunstwerkstatt \u201eEl Piso\u201c<\/strong> bedankten sich bei ihren zahlreichen Sch\u00fclerinnen und Sch\u00fclern f\u00fcr die Teilnahme an dieser fantastischen und abwechslungsreichen Ausstellung und daf\u00fcr, dass sie ihr Talent in der Kunst weiter ausbauen und verbessern.<\/p>\n<p>Hier k\u00f6nnen Sie die Werke von Kindern, Jugendlichen und Erwachsenen bewundern, die unter der Anleitung von Inma Medina und Pe\u00f1ita Guti\u00e9rrez, Mutter und Tochter, die beide einen Abschluss in Bildender Kunst haben, entstanden sind. Zwei Generationen mallorquinischer K\u00fcnstlerinnen, die sich der k\u00fcnstlerischen Ausbildung verschrieben haben und ihr Wissen seit mehr als 35 Jahren in diesem Raum weitergeben. Unz\u00e4hlige Menschen, jung und alt, sind durch ihre Werkstatt gegangen, um zu lernen zu malen&#8230;. zu zeichnen&#8230;.&#8220;. Sie haben viele kleine Menschen aufwachsen sehen, und als Ergebnis dieser Arbeit hat die Liebe zur Kunst viele ihrer Sch\u00fcler dazu gebracht, ihr Leben dieser leidenschaftlichen Welt zu widmen, wodurch ein Pool von jungen K\u00fcnstlern-Kreativen auf unserer Insel entstanden ist.   <\/p>\n<p>F\u00fcr sie ist dieser Raum nicht nur als ein Raum f\u00fcr das Wissen \u00fcber das Thema selbst gedacht, sondern auch als ein Ort, an dem wir miteinander in Beziehung treten und uns als Menschen entwickeln k\u00f6nnen, indem wir die Kunst zu einem Werkzeug machen, um andere Werte zu lernen. Die Werke, die in dieser Ausstellung gezeigt werden, stammen von Kindern, Jugendlichen und Erwachsenen im Alter von 5 bis 50 Jahren. Sie umfassen Disziplinen wie Malerei, Zeichnung, Bildhauerei, Collage&#8230;. mit verschiedenen Techniken wie Acryl, \u00d6l, Aquarell, Tempera, Tinte, Bleistift, Kohle, Wachs, Marker, Ton, Gips, Pappmach\u00e9 usw&#8230; Diese kleinen und gro\u00dfen Sch\u00f6pfer lassen uns in ihre eigenen Universen eintauchen, jeder mit seinen eigenen Anliegen, Handlungs- und Ausdrucksweisen. Ihre Werke sind ein Teil ihres Wesens, ihrer Selbsterkenntnis und ihrer Entwicklung.    <\/p>\n<p><strong>Die Ausstellung kann vom 29. Mai bis zum 13. Juni besucht werden.  <\/strong><\/p>\n<p><strong>Montag bis Freitag, von 10 bis 13 Uhr und 17 bis 20 Uhr.<\/strong><\/p>\n<p><strong>Haus der Kultur. C\/ Ramiro de Maeztu,2.   <\/strong><\/p>\n<p><strong>Vor der Stadtbibliothek.<\/strong><\/p>\n<\/div>\n","protected":false},"excerpt":{"rendered":"<p>Am Donnerstagnachmittag, 29. Mai, fand in der Casa de la Cultura die Er\u00f6ffnung der Ausstellung der Studenten des Kunstworkshops \u201eEL PISO\u201c statt. F\u00fcr B\u00fcrgermeister David de Vera ist es \u201eimmer [&hellip;]<\/p>\n","protected":false},"author":1,"featured_media":4626,"comment_status":"open","ping_status":"open","sticky":false,"template":"","format":"standard","meta":{"inline_featured_image":false,"jnews-multi-image_gallery":[],"jnews_single_post":[],"jnews_primary_category":[],"jnews_social_meta":[],"jnews_override_counter":[],"jnews_post_split":[],"footnotes":""},"categories":[293],"tags":[306],"class_list":["post-4629","post","type-post","status-publish","format-standard","has-post-thumbnail","hentry","category-puerto-del-rosario-de","tag-educacion-de"],"jetpack_featured_media_url":"https:\/\/informacionlocal.es\/wp-content\/uploads\/2025\/05\/el-piso-0525-22-publico-2.jpg","_links":{"self":[{"href":"https:\/\/informacionlocal.es\/de\/wp-json\/wp\/v2\/posts\/4629","targetHints":{"allow":["GET"]}}],"collection":[{"href":"https:\/\/informacionlocal.es\/de\/wp-json\/wp\/v2\/posts"}],"about":[{"href":"https:\/\/informacionlocal.es\/de\/wp-json\/wp\/v2\/types\/post"}],"author":[{"embeddable":true,"href":"https:\/\/informacionlocal.es\/de\/wp-json\/wp\/v2\/users\/1"}],"replies":[{"embeddable":true,"href":"https:\/\/informacionlocal.es\/de\/wp-json\/wp\/v2\/comments?post=4629"}],"version-history":[{"count":0,"href":"https:\/\/informacionlocal.es\/de\/wp-json\/wp\/v2\/posts\/4629\/revisions"}],"wp:featuredmedia":[{"embeddable":true,"href":"https:\/\/informacionlocal.es\/de\/wp-json\/wp\/v2\/media\/4626"}],"wp:attachment":[{"href":"https:\/\/informacionlocal.es\/de\/wp-json\/wp\/v2\/media?parent=4629"}],"wp:term":[{"taxonomy":"category","embeddable":true,"href":"https:\/\/informacionlocal.es\/de\/wp-json\/wp\/v2\/categories?post=4629"},{"taxonomy":"post_tag","embeddable":true,"href":"https:\/\/informacionlocal.es\/de\/wp-json\/wp\/v2\/tags?post=4629"}],"curies":[{"name":"wp","href":"https:\/\/api.w.org\/{rel}","templated":true}]}}