{"id":4617,"date":"2025-05-29T15:35:47","date_gmt":"2025-05-29T15:35:47","guid":{"rendered":"https:\/\/informacionlocal.es\/puerto-del-rosario-aktiviert-die-koeche-mit-der-6-tapas-route-geschmack-lokales-talent-und-kommerzielle-dynamisierung-vom-3-bis-12-juli-2025\/"},"modified":"2025-05-29T15:35:47","modified_gmt":"2025-05-29T15:35:47","slug":"puerto-del-rosario-aktiviert-die-koeche-mit-der-6-tapas-route-geschmack-lokales-talent-und-kommerzielle-dynamisierung-vom-3-bis-12-juli-2025","status":"publish","type":"post","link":"https:\/\/informacionlocal.es\/de\/puerto-del-rosario-aktiviert-die-koeche-mit-der-6-tapas-route-geschmack-lokales-talent-und-kommerzielle-dynamisierung-vom-3-bis-12-juli-2025\/","title":{"rendered":"Puerto del Rosario aktiviert die K\u00f6che mit der 6. Tapas-Route: Geschmack, lokales Talent und kommerzielle Dynamisierung vom 3. bis 12. Juli 2025"},"content":{"rendered":"<div class=\"entry-content\">\n<p>Die Stadtverwaltung von Puerto del Rosario k\u00fcndigt \u00fcber das Handelsministerium mit Begeisterung die Neuauflage einer ihrer symboltr\u00e4chtigsten und mit Spannung erwarteten Veranstaltungen an: die <strong>6. Tapas-Route<\/strong>, die zwischen dem <strong>3. und 12. Juli 2025<\/strong> stattfinden wird.<\/p>\n<p>Diese Initiative, die bereits im gastronomischen und sozialen Kalender der Gemeinde verankert ist, zielt darauf ab, <strong>lokale kulinarische Talente hervorzuheben<\/strong>, die Aktivit\u00e4t von Bars und Restaurants zu steigern und <strong>die Verwendung lokaler Produkte<\/strong> als Markenzeichen der K\u00fcche von Majorero zu <strong>f\u00f6rdern<\/strong>.<\/p>\n<p>Ab Donnerstag, dem 29. Mai, ist die <strong>Anmeldefrist<\/strong> f\u00fcr alle Gastronomiebetriebe der Gemeinde, die sich an der Veranstaltung beteiligen m\u00f6chten, offiziell <strong>er\u00f6ffnet<\/strong>. Die Anmeldefrist l\u00e4uft bis zum <strong>9. Juni<\/strong>, und die Teilnahmebedingungen k\u00f6nnen ab sofort auf der offiziellen Website der Veranstaltung eingesehen werden: www.tapasfuerteventura.com. <\/p>\n<p>Mit ihrem <strong>zug\u00e4nglichen und beliebten<\/strong> Format &#8211; Tapa plus Getr\u00e4nk f\u00fcr nur <strong>3,50 Euro &#8211;<\/strong>ist die Tapas-Route eine unschlagbare Gelegenheit f\u00fcr die Fachleute des Sektors, die <strong>ihr gastronomisches Angebot bekannt machen<\/strong>, die Kundenbindung st\u00e4rken und sich f\u00fcr <strong>attraktive wirtschaftliche Preise<\/strong> entscheiden m\u00f6chten, die wie folgt verteilt werden:<\/p>\n<ul>\n<li><strong>Platin-Deckel<\/strong>: 1.000 Euro<\/li>\n<li><strong>Gold Cap<\/strong>: 750 Euro<\/li>\n<li><strong>Silberkappe<\/strong>: 500 Euro<\/li>\n<li><strong>Bronzekappe<\/strong>: 250 Euro<\/li>\n<\/ul>\n<p>Eines der wichtigsten Merkmale der Veranstaltung ist ihr partizipativer Charakter: Das <strong>Publikum w\u00e4hlt die sieben Finalisten<\/strong> durch ein direktes Abstimmungssystem, das nach der Verkostung der Tapas stattfindet. Damit die Abstimmung g\u00fcltig ist, m\u00fcssen die Teilnehmer die <strong>Bewertungskarte<\/strong> korrekt ausf\u00fcllen und in die offiziellen Wahlurnen einwerfen, die sich an den folgenden Punkten befinden: <\/p>\n<ul>\n<li><strong>B\u00fcrgerberatungsstelle (<\/strong> Montag bis Freitag, 08:00 bis 14:00 Uhr)<\/li>\n<li><strong>Touristeninformation an der Strandpromenade <\/strong>(Montag bis Freitag von 09:00 bis 18:00 Uhr, samstags von 10:00 bis 13:00 Uhr).<\/li>\n<\/ul>\n<p>Als zus\u00e4tzlicher Anreiz f\u00fcr die aktive Teilnahme an der Veranstaltung nehmen die W\u00e4hler an einer <strong>Verlosung exklusiver Preise<\/strong> teil.<\/p>\n<p>Der B\u00fcrgermeister der Hauptstadt, <strong>David de Vera<\/strong>, hob den Wert der Initiative hervor: \u201eVon Seiten des Stadtrats unterst\u00fctzen wir weiterhin Initiativen, die unser Gesch\u00e4ftsgef\u00fcge st\u00e4rken, den lokalen Konsum f\u00f6rdern und Treffpunkte f\u00fcr Einwohner und Besucher schaffen. Die Tapas-Route stellt das perfekte Gleichgewicht zwischen wirtschaftlicher Entwicklung, kultureller Identit\u00e4t und dem Vergn\u00fcgen der B\u00fcrger dar\u201c.<\/p>\n<p>Die Stadtr\u00e4tin f\u00fcr Handel, <strong>Tacoremi Guti\u00e9rrez<\/strong>, betonte ihrerseits: \u201eDie Tapas-Route ist nicht nur eine gastronomische Tour: Sie ist eine Hommage an die t\u00e4glichen Bem\u00fchungen unserer K\u00f6che und Unternehmer, eine Plattform, um die lokalen Produkte sichtbar zu machen, und eine treibende Kraft f\u00fcr die wirtschaftliche Dynamisierung der kleinen Unternehmen. Wir ermutigen alle Betriebe, sich dieser Erfahrung anzuschlie\u00dfen, die von Jahr zu Jahr an Qualit\u00e4t und Beteiligung zunimmt\u201c.<\/p>\n<p>Interessierte k\u00f6nnen sich \u00fcber das Anmeldeformular auf der Website der Veranstaltung anmelden oder die Organisation direkt per <strong>WhatsApp unter 620 946 612<\/strong> oder per E-Mail unter <strong>rutadelastapasdefuerteventura@gmail.com<\/strong> kontaktieren <strong>.<\/strong><\/p>\n<p><strong>Puerto del Rosario l\u00e4dt Sie ein, das Beste aus seiner K\u00fcche zu probieren, melden Sie sich an und nehmen Sie an der Ruta del sabor teil! <\/strong><\/p>\n<\/div>\n","protected":false},"excerpt":{"rendered":"<p>Die Stadtverwaltung von Puerto del Rosario k\u00fcndigt \u00fcber das Handelsministerium mit Begeisterung die Neuauflage einer ihrer symboltr\u00e4chtigsten und mit Spannung erwarteten Veranstaltungen an: die 6. Tapas-Route, die zwischen dem 3. [&hellip;]<\/p>\n","protected":false},"author":1,"featured_media":4614,"comment_status":"open","ping_status":"open","sticky":false,"template":"","format":"standard","meta":{"inline_featured_image":false,"jnews-multi-image_gallery":[],"jnews_single_post":[],"jnews_primary_category":[],"jnews_social_meta":[],"jnews_override_counter":[],"jnews_post_split":[],"footnotes":""},"categories":[293],"tags":[303,216],"class_list":["post-4617","post","type-post","status-publish","format-standard","has-post-thumbnail","hentry","category-puerto-del-rosario-de","tag-eventos-de","tag-fuerteventura-de"],"jetpack_featured_media_url":"https:\/\/informacionlocal.es\/wp-content\/uploads\/2025\/05\/tapas-titu-cabra-con-tapa.jpg","_links":{"self":[{"href":"https:\/\/informacionlocal.es\/de\/wp-json\/wp\/v2\/posts\/4617","targetHints":{"allow":["GET"]}}],"collection":[{"href":"https:\/\/informacionlocal.es\/de\/wp-json\/wp\/v2\/posts"}],"about":[{"href":"https:\/\/informacionlocal.es\/de\/wp-json\/wp\/v2\/types\/post"}],"author":[{"embeddable":true,"href":"https:\/\/informacionlocal.es\/de\/wp-json\/wp\/v2\/users\/1"}],"replies":[{"embeddable":true,"href":"https:\/\/informacionlocal.es\/de\/wp-json\/wp\/v2\/comments?post=4617"}],"version-history":[{"count":0,"href":"https:\/\/informacionlocal.es\/de\/wp-json\/wp\/v2\/posts\/4617\/revisions"}],"wp:featuredmedia":[{"embeddable":true,"href":"https:\/\/informacionlocal.es\/de\/wp-json\/wp\/v2\/media\/4614"}],"wp:attachment":[{"href":"https:\/\/informacionlocal.es\/de\/wp-json\/wp\/v2\/media?parent=4617"}],"wp:term":[{"taxonomy":"category","embeddable":true,"href":"https:\/\/informacionlocal.es\/de\/wp-json\/wp\/v2\/categories?post=4617"},{"taxonomy":"post_tag","embeddable":true,"href":"https:\/\/informacionlocal.es\/de\/wp-json\/wp\/v2\/tags?post=4617"}],"curies":[{"name":"wp","href":"https:\/\/api.w.org\/{rel}","templated":true}]}}