{"id":4605,"date":"2025-05-29T15:29:48","date_gmt":"2025-05-29T15:29:48","guid":{"rendered":"https:\/\/informacionlocal.es\/die-stadtverwaltung-von-puerto-del-rosario-garantiert-die-kontinuitaet-der-betreuungsdienste-fuer-kinder-und-familien-nach-beendigung-der-vereinbarung-mit-infacam\/"},"modified":"2025-05-29T15:29:48","modified_gmt":"2025-05-29T15:29:48","slug":"die-stadtverwaltung-von-puerto-del-rosario-garantiert-die-kontinuitaet-der-betreuungsdienste-fuer-kinder-und-familien-nach-beendigung-der-vereinbarung-mit-infacam","status":"publish","type":"post","link":"https:\/\/informacionlocal.es\/de\/die-stadtverwaltung-von-puerto-del-rosario-garantiert-die-kontinuitaet-der-betreuungsdienste-fuer-kinder-und-familien-nach-beendigung-der-vereinbarung-mit-infacam\/","title":{"rendered":"Die Stadtverwaltung von Puerto del Rosario garantiert die Kontinuit\u00e4t der Betreuungsdienste f\u00fcr Kinder und Familien nach Beendigung der Vereinbarung mit INFACAM."},"content":{"rendered":"<div class=\"entry-content\">\n<p>In Anbetracht der Mitteilung der Stiftung Familienzentrum \u00fcber die Beendigung des Abkommens \u00fcber die Bereitstellung von Kinderbetreuungs- und psychosozialen Unterst\u00fctzungsdiensten m\u00f6chte der Stadtrat von Puerto del Rosario eine <strong>beruhigende Botschaft an die Nutzerfamilien<\/strong>, insbesondere an diejenigen mit Kindern in ihrer Obhut, senden.<\/p>\n<p>In den letzten Jahren hat der Stadtrat die Zusammenarbeit mit der Einrichtung <strong>INFACAM<\/strong> durch eine Vereinbarung aufrechterhalten, die zwei wesentliche Dienste umfasst: <strong>das Tageszentrum f\u00fcr Kinder, Jugendliche und Familien \u201eLluvia\u201c und den psychosozialen Unterst\u00fctzungsdienst.<\/strong> Diese Vereinbarung war vom 1. September 2020 bis zum 31. August 2023 in Kraft und wurde um ein weiteres Jahr verl\u00e4ngert. Nach Ablauf dieser Verl\u00e4ngerung musste die Kontinuit\u00e4t der Dienste durch \u00f6ffentliche Ausschreibungen gem\u00e4\u00df den geltenden Vorschriften und den Hinweisen der st\u00e4dtischen Rechtsabteilung geregelt werden, da keine weiteren Vertragsverl\u00e4ngerungen m\u00f6glich waren. <\/p>\n<p><strong>Geordneter \u00dcbergang und gesicherte Dienste<\/strong><\/p>\n<p>In diesem Zusammenhang wies der B\u00fcrgermeister von Puerto del Rosario, David de Vera, darauf hin, dass <em>\u201edie Stadtverwaltung weit davon entfernt ist, Dienstleistungen abzuschaffen, sondern sich daf\u00fcr einsetzt, deren Kontinuit\u00e4t mit allen rechtlichen und qualitativen Garantien zu gew\u00e4hrleisten\u201c.<\/em> Ein Beweis daf\u00fcr ist, dass die Ausschreibung f\u00fcr die <strong>Verwaltung des Tageszentrums \u201eLluvia\u201c<\/strong> am 10. Oktober 2024 er\u00f6ffnet und am 13. Januar 2025 an die Stiftung SAMU vergeben wurde. Derzeit ist dieses Zentrum noch in Betrieb und bietet Minderj\u00e4hrigen und ihren Familien wie gewohnt Betreuung an.  <\/p>\n<p>Was den <strong>psychosozialen Unterst\u00fctzungsdienst<\/strong> betrifft, so begann das Ausschreibungsverfahren am 20. November 2024, und die entsprechenden Angebote sind bereits eingegangen. Die Sitzung des Vergabeausschusses ist f\u00fcr Mittwoch, den 4. Mai, angesetzt, um das Vergabeverfahren abzuschlie\u00dfen. <\/p>\n<p>W\u00e4hrend das regul\u00e4re Vergabeverfahren l\u00e4uft, hat der Stadtrat den Dienst durch kleinere Vertr\u00e4ge abgedeckt, wie es das Gesetz \u00fcber \u00f6ffentliche Auftr\u00e4ge und die internen Anweisungen des Rates vorsehen.  <strong>Bei der Betreuung der Familien kam es zu keinen nennenswerten Unterbrechungen.<\/strong><\/p>\n<p><strong>Institutionelles Engagement f\u00fcr Kinder und Familien<\/strong><\/p>\n<p>Die Stadtverwaltung von Puerto del Rosario bekr\u00e4ftigt ihr Engagement f\u00fcr den Schutz von Kindern, Jugendlichen und das Wohlergehen der Familie sowie f\u00fcr Transparenz und die korrekte Verwendung \u00f6ffentlicher Mittel.<\/p>\n<p><em>Wir verstehen die Besorgnis, die ein Wechsel der Verwaltungseinheit hervorrufen kann, aber wir bitten die Familien, darauf zu vertrauen, dass die Stadtverwaltung immer mit dem Ziel gehandelt hat, die Kontinuit\u00e4t, Qualit\u00e4t und Rechtm\u00e4\u00dfigkeit dieser sensiblen Dienstleistungen zu gew\u00e4hrleisten&#8220;,<\/em> so der B\u00fcrgermeister.<\/p>\n<p>Der Stadtrat wird uns weiterhin \u00fcber die administrativen Fortschritte und die endg\u00fcltige Vergabe des psychosozialen Unterst\u00fctzungsdienstes auf dem Laufenden halten, und wir m\u00f6chten allen Organisationen danken, die im Laufe der Jahre an der Bereitstellung dieser Ressourcen mitgewirkt haben.<\/p>\n<\/p>\n<\/div>\n","protected":false},"excerpt":{"rendered":"<p>In Anbetracht der Mitteilung der Stiftung Familienzentrum \u00fcber die Beendigung des Abkommens \u00fcber die Bereitstellung von Kinderbetreuungs- und psychosozialen Unterst\u00fctzungsdiensten m\u00f6chte der Stadtrat von Puerto del Rosario eine beruhigende Botschaft [&hellip;]<\/p>\n","protected":false},"author":1,"featured_media":4602,"comment_status":"open","ping_status":"open","sticky":false,"template":"","format":"standard","meta":{"inline_featured_image":false,"jnews-multi-image_gallery":[],"jnews_single_post":[],"jnews_primary_category":[],"jnews_social_meta":[],"jnews_override_counter":[],"jnews_post_split":[],"footnotes":""},"categories":[293],"tags":[],"class_list":["post-4605","post","type-post","status-publish","format-standard","has-post-thumbnail","hentry","category-puerto-del-rosario-de"],"jetpack_featured_media_url":"https:\/\/informacionlocal.es\/wp-content\/uploads\/2025\/05\/fachada-infacam-ayuntamiento-2.jpg","_links":{"self":[{"href":"https:\/\/informacionlocal.es\/de\/wp-json\/wp\/v2\/posts\/4605","targetHints":{"allow":["GET"]}}],"collection":[{"href":"https:\/\/informacionlocal.es\/de\/wp-json\/wp\/v2\/posts"}],"about":[{"href":"https:\/\/informacionlocal.es\/de\/wp-json\/wp\/v2\/types\/post"}],"author":[{"embeddable":true,"href":"https:\/\/informacionlocal.es\/de\/wp-json\/wp\/v2\/users\/1"}],"replies":[{"embeddable":true,"href":"https:\/\/informacionlocal.es\/de\/wp-json\/wp\/v2\/comments?post=4605"}],"version-history":[{"count":0,"href":"https:\/\/informacionlocal.es\/de\/wp-json\/wp\/v2\/posts\/4605\/revisions"}],"wp:featuredmedia":[{"embeddable":true,"href":"https:\/\/informacionlocal.es\/de\/wp-json\/wp\/v2\/media\/4602"}],"wp:attachment":[{"href":"https:\/\/informacionlocal.es\/de\/wp-json\/wp\/v2\/media?parent=4605"}],"wp:term":[{"taxonomy":"category","embeddable":true,"href":"https:\/\/informacionlocal.es\/de\/wp-json\/wp\/v2\/categories?post=4605"},{"taxonomy":"post_tag","embeddable":true,"href":"https:\/\/informacionlocal.es\/de\/wp-json\/wp\/v2\/tags?post=4605"}],"curies":[{"name":"wp","href":"https:\/\/api.w.org\/{rel}","templated":true}]}}