{"id":4580,"date":"2025-05-29T14:45:08","date_gmt":"2025-05-29T14:45:08","guid":{"rendered":"https:\/\/informacionlocal.es\/das-rathaus-von-pajara-und-der-bikerverband-von-fuerteventura-veranstalten-das-xii-jahrestag-des-bikertreffens-auf-der-insel\/"},"modified":"2025-05-29T14:45:08","modified_gmt":"2025-05-29T14:45:08","slug":"das-rathaus-von-pajara-und-der-bikerverband-von-fuerteventura-veranstalten-das-xii-jahrestag-des-bikertreffens-auf-der-insel","status":"publish","type":"post","link":"https:\/\/informacionlocal.es\/de\/das-rathaus-von-pajara-und-der-bikerverband-von-fuerteventura-veranstalten-das-xii-jahrestag-des-bikertreffens-auf-der-insel\/","title":{"rendered":"Das Rathaus von P\u00e1jara und der Bikerverband von Fuerteventura veranstalten das XII. Jahrestag des Bikertreffens auf der Insel."},"content":{"rendered":"<div class=\"entry-content\">\n<p><b><i>Vom 6. bis 8. Juni treffen sich Motorradfahrer aus allen Teilen der Kanarischen Inseln im S\u00fcden der Insel, um die Neuauflage dieser Veranstaltung zu feiern.  <\/i><\/b><\/p>\n<p><span>Die Stadtverwaltung von P\u00e1jara, vertreten durch das Sportamt, und der Bikerverband von Fuerteventura haben heute im Hotel Occidental Jand\u00eda Playa die XII. Die Veranstaltung, die vom 6. bis 8. Juni stattfindet, hat sich als eines der wichtigsten Events im kanarischen Motorradkalender etabliert und bringt Fans von allen Inseln zusammen. <\/span><\/p>\n<p><span>An der Veranstaltung nahmen der B\u00fcrgermeister von P\u00e1jara, Alejandro Jorge, der Stadtrat f\u00fcr Sport, Jos\u00e9 Benito Alonso, der Stadtrat f\u00fcr Sicherheit und Notfall, Raimundo Dacosta, sowie weitere Vertreter des Konsistoriums teil. Auch der Pr\u00e4sident der Bikervereinigung, Rub\u00e9n Carnicer, und der Manager des Hotels, in dem die Veranstaltung stattfand, Tom\u00e1s de Vera, nahmen teil. <\/span><\/p>\n<p><span>Alle Redner hoben \u00fcbereinstimmend die wichtige Arbeit des Vereins hervor, dem es gelungen ist, nach zw\u00f6lfj\u00e4hrigem Bestehen ein Treffen zu konsolidieren, das \u00fcber die Insel hinaus zu einem Bezugspunkt f\u00fcr Biker im gesamten Archipel geworden ist.  <\/span><\/p>\n<p><span>Das Programm beginnt am Freitag, den 6. Juni um 19.00 Uhr mit einer Motorradtour und einem anschlie\u00dfenden Imbiss. Um 21:00 Uhr wird der Er\u00f6ffnungstag mit einem Konzert der Gruppe Siroko und einer DJ-Session abgeschlossen.   <\/span><\/p>\n<p><span>Am Samstag, den 7. Juni, geht es ab 10.00 Uhr mit einer neuen Route weiter, die einen Imbiss und ein Mittagessen umfasst. Am Abend, ab 21:30 Uhr, werden die Teilnehmer Konzerte von Taknara, Maldita EGB und The Papas and The Mojo genie\u00dfen. An diesem Tag werden auch Preise verliehen und es gibt \u00dcberraschungen f\u00fcr die Teilnehmer.    <\/span><\/p>\n<p><span>Jahrestag von Motoros de Fuerteventura wird am Sonntag, den 8. Juni, mit einer letzten Abschiedsfahrt ab 11:30 Uhr und einem anschlie\u00dfenden Imbiss f\u00fcr alle Teilnehmer verabschiedet.  <\/span><\/p>\n<p><span>Das Rathaus von P\u00e1jara l\u00e4dt zusammen mit dem Bikerverband Fuerteventura alle B\u00fcrger ein, an dieser neuen Veranstaltung teilzunehmen und ein Wochenende voller Strecken, guter Gesellschaft und Live-Musik zu genie\u00dfen.<\/span><\/p>\n<\/div>\n","protected":false},"excerpt":{"rendered":"<p><i>Vom 6. bis 8. Juni treffen sich Motorradfahrer aus allen Teilen der Kanarischen Inseln im S\u00fcden der Insel, um die Neuauflage dieser Veranstaltung zu feiern.  <\/i><\/p>\n","protected":false},"author":1,"featured_media":4578,"comment_status":"open","ping_status":"open","sticky":false,"template":"","format":"standard","meta":{"inline_featured_image":false,"jnews-multi-image_gallery":[],"jnews_single_post":[],"jnews_primary_category":[],"jnews_social_meta":[],"jnews_override_counter":[],"jnews_post_split":[],"footnotes":""},"categories":[297],"tags":[216],"class_list":["post-4580","post","type-post","status-publish","format-standard","has-post-thumbnail","hentry","category-pajara-de","tag-fuerteventura-de"],"jetpack_featured_media_url":"https:\/\/informacionlocal.es\/wp-content\/uploads\/2025\/05\/xii-aniversario-moteros-de-fuerteventura-e1748528493230.jpeg","_links":{"self":[{"href":"https:\/\/informacionlocal.es\/de\/wp-json\/wp\/v2\/posts\/4580","targetHints":{"allow":["GET"]}}],"collection":[{"href":"https:\/\/informacionlocal.es\/de\/wp-json\/wp\/v2\/posts"}],"about":[{"href":"https:\/\/informacionlocal.es\/de\/wp-json\/wp\/v2\/types\/post"}],"author":[{"embeddable":true,"href":"https:\/\/informacionlocal.es\/de\/wp-json\/wp\/v2\/users\/1"}],"replies":[{"embeddable":true,"href":"https:\/\/informacionlocal.es\/de\/wp-json\/wp\/v2\/comments?post=4580"}],"version-history":[{"count":0,"href":"https:\/\/informacionlocal.es\/de\/wp-json\/wp\/v2\/posts\/4580\/revisions"}],"wp:featuredmedia":[{"embeddable":true,"href":"https:\/\/informacionlocal.es\/de\/wp-json\/wp\/v2\/media\/4578"}],"wp:attachment":[{"href":"https:\/\/informacionlocal.es\/de\/wp-json\/wp\/v2\/media?parent=4580"}],"wp:term":[{"taxonomy":"category","embeddable":true,"href":"https:\/\/informacionlocal.es\/de\/wp-json\/wp\/v2\/categories?post=4580"},{"taxonomy":"post_tag","embeddable":true,"href":"https:\/\/informacionlocal.es\/de\/wp-json\/wp\/v2\/tags?post=4580"}],"curies":[{"name":"wp","href":"https:\/\/api.w.org\/{rel}","templated":true}]}}