{"id":4568,"date":"2025-05-29T13:03:10","date_gmt":"2025-05-29T13:03:10","guid":{"rendered":"https:\/\/informacionlocal.es\/antigua-gratuliert-den-geschaeftsfuehrern-der-ereza-hotelsresorts-gruppe-zu-ihrem-25-jaehrigen-bestehen\/"},"modified":"2025-05-29T13:03:10","modified_gmt":"2025-05-29T13:03:10","slug":"antigua-gratuliert-den-geschaeftsfuehrern-der-ereza-hotelsresorts-gruppe-zu-ihrem-25-jaehrigen-bestehen","status":"publish","type":"post","link":"https:\/\/informacionlocal.es\/de\/antigua-gratuliert-den-geschaeftsfuehrern-der-ereza-hotelsresorts-gruppe-zu-ihrem-25-jaehrigen-bestehen\/","title":{"rendered":"Antigua gratuliert den Gesch\u00e4ftsf\u00fchrern der Ereza Hotels&amp;Resorts-Gruppe zu ihrem 25-j\u00e4hrigen Bestehen."},"content":{"rendered":"<div class=\"elementor-widget-container\">\n<p><strong>Antigua gratuliert den Gesch\u00e4ftsf\u00fchrern der Ereza Hotels&amp;Resorts-Gruppe zu ihrem 25-j\u00e4hrigen Bestehen.<\/strong><\/p>\n<p><strong>&#8211; B\u00fcrgermeister Mat\u00edas Pe\u00f1a hob den Werdegang und das Engagement von Francisco Ufano hervor und betonte in seiner Rede, dass wir seit unserem Kennenlernen gemeinsam an der Entwicklung und Modernisierung des Touristenortes Caleta de Fuste gearbeitet haben, als Partner f\u00fcr Fortschritt und Verbesserungsziele.<\/strong><\/p>\n<p>Am Mittwochabend, dem 28. Mai, fand im Hotel Ereza Mar Fuerteventura in Caleta de Fuste die Feier zum 25-j\u00e4hrigen Bestehen der Hotelgruppe statt, die auch auf Lanzarote vertreten ist und ihre Pr\u00e4senz auf anderen Inseln ausbauen will.<\/p>\n<p>Der B\u00fcrgermeister von Antigua, Mat\u00edas Pe\u00f1a, begr\u00fc\u00dfte als Gastgeber die Vertreter des Hotels sowie die anwesenden Beh\u00f6rden, darunter der B\u00fcrgermeister von T\u00edas, Jos\u00e9 Juan Cruz, die Pr\u00e4sidentin des kanarischen Parlaments, Astrid P\u00e9rez, der Vizepr\u00e4sident der kanarischen Regierung, Manuel Dominguez und der Vizepr\u00e4sident des Cabildo von Fuerteventura, Blas Acosta.<\/p>\n<p>Die drei Freunde, Partner und Hotelunternehmer, Gr\u00fcnder der Gruppe Ereza Hotels&amp;Resorts, Juan Francisco Torres Bravo, Marcial Morales Cabrera und Francisco Manuel Ufano, erz\u00e4hlten auf emotionale Weise von ihrem Werdegang und den H\u00f6hen und Tiefen auf dem Weg zur Konsolidierung einer Hotelgruppe, die f\u00fcr Qualit\u00e4t, guten Service und Engagement f\u00fcr die Entwicklung der Inseln steht.<\/p>\n<p>Ich gratuliere den dreien zu ihrem Werdegang und zu diesem 25-j\u00e4hrigen Jubil\u00e4um, aber besonders hebe ich Francisco Ufano hervor, weil er mir in der Gemeinde Antigua sehr nahe stand, sagte B\u00fcrgermeister Mat\u00edas Pe\u00f1a, der auf eine millionenschwere Investition in die Modernisierung des Hotels setzte, das uns heute beherbergt, das Ereza Mar Fuerteventura, und mit dem ich Hand in Hand an Zielen und Engagement f\u00fcr die Entwicklung des Touristenortes Caleta de Fuste arbeiten konnte.<\/p>\n<\/p>\n<\/div>\n","protected":false},"excerpt":{"rendered":"<p><strong>Antigua gratuliert den Gesch\u00e4ftsf\u00fchrern der Ereza Hotels&amp;Resorts-Gruppe zu ihrem 25-j\u00e4hrigen Bestehen.<\/strong><\/p>\n","protected":false},"author":1,"featured_media":4566,"comment_status":"open","ping_status":"open","sticky":false,"template":"","format":"standard","meta":{"inline_featured_image":false,"jnews-multi-image_gallery":[],"jnews_single_post":[],"jnews_primary_category":[],"jnews_social_meta":[],"jnews_override_counter":[],"jnews_post_split":[],"footnotes":""},"categories":[283],"tags":[216],"class_list":["post-4568","post","type-post","status-publish","format-standard","has-post-thumbnail","hentry","category-antigua-de","tag-fuerteventura-de"],"jetpack_featured_media_url":"https:\/\/informacionlocal.es\/wp-content\/uploads\/2025\/05\/00-alcalde-matias-pena-y-autoridades-arropan-y-felicitan-el-25-aniversario-ereza-2-scaled-1.jpg","_links":{"self":[{"href":"https:\/\/informacionlocal.es\/de\/wp-json\/wp\/v2\/posts\/4568","targetHints":{"allow":["GET"]}}],"collection":[{"href":"https:\/\/informacionlocal.es\/de\/wp-json\/wp\/v2\/posts"}],"about":[{"href":"https:\/\/informacionlocal.es\/de\/wp-json\/wp\/v2\/types\/post"}],"author":[{"embeddable":true,"href":"https:\/\/informacionlocal.es\/de\/wp-json\/wp\/v2\/users\/1"}],"replies":[{"embeddable":true,"href":"https:\/\/informacionlocal.es\/de\/wp-json\/wp\/v2\/comments?post=4568"}],"version-history":[{"count":0,"href":"https:\/\/informacionlocal.es\/de\/wp-json\/wp\/v2\/posts\/4568\/revisions"}],"wp:featuredmedia":[{"embeddable":true,"href":"https:\/\/informacionlocal.es\/de\/wp-json\/wp\/v2\/media\/4566"}],"wp:attachment":[{"href":"https:\/\/informacionlocal.es\/de\/wp-json\/wp\/v2\/media?parent=4568"}],"wp:term":[{"taxonomy":"category","embeddable":true,"href":"https:\/\/informacionlocal.es\/de\/wp-json\/wp\/v2\/categories?post=4568"},{"taxonomy":"post_tag","embeddable":true,"href":"https:\/\/informacionlocal.es\/de\/wp-json\/wp\/v2\/tags?post=4568"}],"curies":[{"name":"wp","href":"https:\/\/api.w.org\/{rel}","templated":true}]}}