{"id":4545,"date":"2025-05-29T11:16:10","date_gmt":"2025-05-29T11:16:10","guid":{"rendered":"https:\/\/informacionlocal.es\/das-rathaus-von-pajara-bereitet-den-weg-der-montana-del-cardon-fuer-die-tanquito-wallfahrt-vor\/"},"modified":"2025-05-29T11:16:10","modified_gmt":"2025-05-29T11:16:10","slug":"das-rathaus-von-pajara-bereitet-den-weg-der-montana-del-cardon-fuer-die-tanquito-wallfahrt-vor","status":"publish","type":"post","link":"https:\/\/informacionlocal.es\/de\/das-rathaus-von-pajara-bereitet-den-weg-der-montana-del-cardon-fuer-die-tanquito-wallfahrt-vor\/","title":{"rendered":"Das Rathaus von P\u00e1jara bereitet den Weg der Monta\u00f1a del Card\u00f3n f\u00fcr die Tanquito-Wallfahrt vor."},"content":{"rendered":"<div class=\"entry-content\">\n<p><b><i>Das Team des Umweltministeriums f\u00fchrt Reinigungs-, Aufr\u00e4um- und Zugangsverbesserungsarbeiten durch, um die Sicherheit w\u00e4hrend der \u00f6rtlichen Feierlichkeiten zu gew\u00e4hrleisten.<\/i><\/b><\/p>\n<p><span>Die Stadtverwaltung von P\u00e1jara hat \u00fcber das Umweltministerium den Weg zum Monta\u00f1a del Card\u00f3n anl\u00e4sslich der bevorstehenden Feierlichkeiten zur Wallfahrt zum Tanquito-Festival komplett saniert.<\/span><\/p>\n<p><span>Die durchgef\u00fchrten Arbeiten umfassten nicht nur die Reinigung des Weges, sondern auch die Beseitigung der Vegetation und die Verbesserung der Zug\u00e4nge, um den Besuchern ein sicheres und bequemes Passieren zu erm\u00f6glichen. Dar\u00fcber hinaus wurde im Rahmen des kommunalen Engagements f\u00fcr die Pflege und Erhaltung der Umwelt der Abfall beseitigt.   <\/span><\/p>\n<p><span>Die Stadtr\u00e4tin f\u00fcr Umwelt, \u00c1ngeles Acosta, unterstreicht die Bedeutung dieser Ma\u00dfnahmen f\u00fcr den Genuss der \u00f6rtlichen Feierlichkeiten. \u201eWir wollen, dass die Feierlichkeiten in einer sicheren, sauberen und respektierten Umgebung f\u00fcr alle stattfinden. Diese Ma\u00dfnahmen sind Teil unserer Verantwortung f\u00fcr den Schutz und die Aufwertung unseres nat\u00fcrlichen Erbes\u201c, sagt sie.   <\/span><\/p>\n<p><span>Der B\u00fcrgermeister von P\u00e1jara, Alejandro Jorge, w\u00fcrdigt die Arbeit des Umweltteams und bekr\u00e4ftigt das Engagement der Stadtverwaltung f\u00fcr das Wohlergehen der B\u00fcrger und den Schutz des Naturraums. \u201eWir laden alle dazu ein, das Tanquito-Fest verantwortungsvoll zu genie\u00dfen\u201c, sagt er.   <\/span><\/p>\n<p><span>Der Stadtrat wird seine Sensibilisierungsarbeit f\u00fcr die Umwelt weiter verst\u00e4rken, indem er bei den Einwohnern und Besuchern der Gemeinde f\u00fcr gute Praktiken wirbt und sie daran erinnert, wie wichtig es ist, die nat\u00fcrliche Umwelt der Gemeinde zu erhalten.  <\/span><\/p>\n<\/div>\n","protected":false},"excerpt":{"rendered":"<p><i>Das Team des Umweltministeriums f\u00fchrt Reinigungs-, Aufr\u00e4um- und Zugangsverbesserungsarbeiten durch, um die Sicherheit w\u00e4hrend der \u00f6rtlichen Feierlichkeiten zu gew\u00e4hrleisten.<\/i><\/p>\n","protected":false},"author":1,"featured_media":4542,"comment_status":"open","ping_status":"open","sticky":false,"template":"","format":"standard","meta":{"inline_featured_image":false,"jnews-multi-image_gallery":[],"jnews_single_post":[],"jnews_primary_category":[],"jnews_social_meta":[],"jnews_override_counter":[],"jnews_post_split":[],"footnotes":""},"categories":[297],"tags":[199],"class_list":["post-4545","post","type-post","status-publish","format-standard","has-post-thumbnail","hentry","category-pajara-de","tag-umwelt"],"jetpack_featured_media_url":"https:\/\/informacionlocal.es\/wp-content\/uploads\/2025\/05\/tfotos-del-tanquito-1.png","_links":{"self":[{"href":"https:\/\/informacionlocal.es\/de\/wp-json\/wp\/v2\/posts\/4545","targetHints":{"allow":["GET"]}}],"collection":[{"href":"https:\/\/informacionlocal.es\/de\/wp-json\/wp\/v2\/posts"}],"about":[{"href":"https:\/\/informacionlocal.es\/de\/wp-json\/wp\/v2\/types\/post"}],"author":[{"embeddable":true,"href":"https:\/\/informacionlocal.es\/de\/wp-json\/wp\/v2\/users\/1"}],"replies":[{"embeddable":true,"href":"https:\/\/informacionlocal.es\/de\/wp-json\/wp\/v2\/comments?post=4545"}],"version-history":[{"count":0,"href":"https:\/\/informacionlocal.es\/de\/wp-json\/wp\/v2\/posts\/4545\/revisions"}],"wp:featuredmedia":[{"embeddable":true,"href":"https:\/\/informacionlocal.es\/de\/wp-json\/wp\/v2\/media\/4542"}],"wp:attachment":[{"href":"https:\/\/informacionlocal.es\/de\/wp-json\/wp\/v2\/media?parent=4545"}],"wp:term":[{"taxonomy":"category","embeddable":true,"href":"https:\/\/informacionlocal.es\/de\/wp-json\/wp\/v2\/categories?post=4545"},{"taxonomy":"post_tag","embeddable":true,"href":"https:\/\/informacionlocal.es\/de\/wp-json\/wp\/v2\/tags?post=4545"}],"curies":[{"name":"wp","href":"https:\/\/api.w.org\/{rel}","templated":true}]}}