{"id":4522,"date":"2025-05-28T15:00:24","date_gmt":"2025-05-28T15:00:24","guid":{"rendered":"https:\/\/informacionlocal.es\/in-puerto-del-rosario-findet-das-erste-treffen-der-seniorenzentren-fuerteventuras-statt\/"},"modified":"2025-05-28T15:00:24","modified_gmt":"2025-05-28T15:00:24","slug":"in-puerto-del-rosario-findet-das-erste-treffen-der-seniorenzentren-fuerteventuras-statt","status":"publish","type":"post","link":"https:\/\/informacionlocal.es\/de\/in-puerto-del-rosario-findet-das-erste-treffen-der-seniorenzentren-fuerteventuras-statt\/","title":{"rendered":"In Puerto del Rosario findet das erste Treffen der Seniorenzentren Fuerteventuras statt."},"content":{"rendered":"<div class=\"entry-content\">\n<p>Am Dienstagabend, dem 27. Mai, fand auf der Plaza de la Paz in Puerto del Rosario das erste Treffen der Seniorenzentren Fuerteventuras statt, bei dem \u00e4ltere Menschen aus der ganzen Insel einen Tag voller Musik, Traditionen und guter Laune erlebten. Es gab Preise f\u00fcr die beste Tracht. <\/p>\n<p>Diese Veranstaltung, die gemeinsam mit der Regierung der Kanarischen Inseln und in Zusammenarbeit mit den Stadtverwaltungen von Antigua und Tuineje organisiert wurde, erinnerte uns daran, wie wichtig es ist, zusammenzukommen, unsere Wurzeln zu pflegen und weiterhin von denen zu lernen, die unsere Geschichte aufgebaut haben.<\/p>\n<p>F\u00fcr den <strong>B\u00fcrgermeister der Hauptstadt, David de Vera<\/strong>, \u201ek\u00f6nnen wir bei diesen eindrucksvollen Begegnungen Kontakte kn\u00fcpfen, zuh\u00f6ren und von den \u00c4lteren lernen, und das in einer sehr angenehmen Umgebung, in der Tradition, Brauchtum und Kultur Hand in Hand gehen, in einer Aktivit\u00e4t, die sich in das vielf\u00e4ltige Programm des Tages der Kanarischen Inseln einf\u00fcgt\u201c.<\/p>\n<p>Der <strong>Stadtrat f\u00fcr Kultur, Juan Manuel Verdugo<\/strong>, dr\u00fcckte seine Freude dar\u00fcber aus, \u201eunsere \u00e4lteren Mitb\u00fcrger in einer so partizipativen Atmosph\u00e4re zu sehen, in der sie mit traditioneller Musik, Tanzgruppen, kanarischer Gastronomie und allem, was mit dem Jahrestag der kanarischen Gemeinschaft zusammenh\u00e4ngt, die Hauptdarsteller sind\u201c.<\/p>\n<\/div>\n","protected":false},"excerpt":{"rendered":"<p>Am Dienstagabend, dem 27. Mai, fand auf der Plaza de la Paz in Puerto del Rosario das erste Treffen der Seniorenzentren Fuerteventuras statt, bei dem \u00e4ltere Menschen aus der ganzen [&hellip;]<\/p>\n","protected":false},"author":1,"featured_media":4518,"comment_status":"open","ping_status":"open","sticky":false,"template":"","format":"standard","meta":{"inline_featured_image":false,"jnews-multi-image_gallery":[],"jnews_single_post":[],"jnews_primary_category":[],"jnews_social_meta":[],"jnews_override_counter":[],"jnews_post_split":[],"footnotes":""},"categories":[293],"tags":[216],"class_list":["post-4522","post","type-post","status-publish","format-standard","has-post-thumbnail","hentry","category-puerto-del-rosario-de","tag-fuerteventura-de"],"jetpack_featured_media_url":"https:\/\/informacionlocal.es\/wp-content\/uploads\/2025\/05\/encuentro-22-mayores-25-bailan-y-escenario.jpg","_links":{"self":[{"href":"https:\/\/informacionlocal.es\/de\/wp-json\/wp\/v2\/posts\/4522","targetHints":{"allow":["GET"]}}],"collection":[{"href":"https:\/\/informacionlocal.es\/de\/wp-json\/wp\/v2\/posts"}],"about":[{"href":"https:\/\/informacionlocal.es\/de\/wp-json\/wp\/v2\/types\/post"}],"author":[{"embeddable":true,"href":"https:\/\/informacionlocal.es\/de\/wp-json\/wp\/v2\/users\/1"}],"replies":[{"embeddable":true,"href":"https:\/\/informacionlocal.es\/de\/wp-json\/wp\/v2\/comments?post=4522"}],"version-history":[{"count":0,"href":"https:\/\/informacionlocal.es\/de\/wp-json\/wp\/v2\/posts\/4522\/revisions"}],"wp:featuredmedia":[{"embeddable":true,"href":"https:\/\/informacionlocal.es\/de\/wp-json\/wp\/v2\/media\/4518"}],"wp:attachment":[{"href":"https:\/\/informacionlocal.es\/de\/wp-json\/wp\/v2\/media?parent=4522"}],"wp:term":[{"taxonomy":"category","embeddable":true,"href":"https:\/\/informacionlocal.es\/de\/wp-json\/wp\/v2\/categories?post=4522"},{"taxonomy":"post_tag","embeddable":true,"href":"https:\/\/informacionlocal.es\/de\/wp-json\/wp\/v2\/tags?post=4522"}],"curies":[{"name":"wp","href":"https:\/\/api.w.org\/{rel}","templated":true}]}}