{"id":4510,"date":"2025-05-28T12:15:27","date_gmt":"2025-05-28T12:15:27","guid":{"rendered":"https:\/\/informacionlocal.es\/pajara-foerdert-das-engagement-junger-menschen-fuer-die-umwelt-durch-ein-baum-fuer-europa\/"},"modified":"2025-05-28T12:15:27","modified_gmt":"2025-05-28T12:15:27","slug":"pajara-foerdert-das-engagement-junger-menschen-fuer-die-umwelt-durch-ein-baum-fuer-europa","status":"publish","type":"post","link":"https:\/\/informacionlocal.es\/de\/pajara-foerdert-das-engagement-junger-menschen-fuer-die-umwelt-durch-ein-baum-fuer-europa\/","title":{"rendered":"P\u00e1jara f\u00f6rdert das Engagement junger Menschen f\u00fcr die Umwelt durch &#8222;Ein Baum f\u00fcr Europa"},"content":{"rendered":"<div class=\"entry-content\">\n<p><b><i>Mehr als 50 Sch\u00fcler der IES Jand\u00eda nahmen an einer symbolischen Pflanzung teil, die das Engagement der Gemeinde f\u00fcr Nachhaltigkeit und Umwelterziehung unterstreicht.<\/i><\/b><\/p>\n<p><span>Die Stadtverwaltung von P\u00e1jara hat sich \u00fcber das Umweltamt zum zweiten Mal in Folge an der Kampagne \u201eEin Baum f\u00fcr Europa\u201c beteiligt, einer Initiative des Jugendverbands Equipo Europa, die das Engagement der Kommunen im Kampf gegen den Klimawandel und die Beteiligung der Jugend an der Umweltpolitik f\u00f6rdern soll.  <\/span><\/p>\n<p><span>Die Hauptaktivit\u00e4t dieser zweiten Ausgabe fand am heutigen Mittwoch, dem 28. Mai, im IES Jand\u00eda statt, wo mehr als 50 Sch\u00fcler an einem p\u00e4dagogischen Tag \u00fcber endemische Pflanzenarten Fuerteventuras teilnahmen, der von dem Biologen Stephan Scholz, einem Experten f\u00fcr die Erhaltung der kanarischen Flora, gehalten wurde. Anschlie\u00dfend wurde in der Umgebung des Bildungszentrums eine symbolische Pflanzung einheimischer Arten durchgef\u00fchrt, an der die Sch\u00fcler aktiv mitwirkten. <\/span><\/p>\n<p><span>Die Stadtr\u00e4tin f\u00fcr Umwelt, \u00c1ngeles Acosta, betont, wie wichtig es ist, das Bewusstsein f\u00fcr die Auswirkungen des Klimawandels schon in jungen Jahren zu sch\u00e4rfen. \u201eEs ist wichtig, dass unsere jungen Menschen die \u00f6kologischen Herausforderungen verstehen, denen wir gegen\u00fcberstehen. Wir wollen, dass sie zu Akteuren des Wandels hin zu einer bewussteren und nachhaltigeren Gemeinde werden\u201c, sagt sie.   <\/span><\/p>\n<p><span>Der B\u00fcrgermeister von P\u00e1jara, Alejandro Jorge, unterstreicht seinerseits die Schl\u00fcsselrolle der lokalen Verwaltungen im Kampf gegen den Klimawandel. \u201eVom Konsistorium aus unterst\u00fctzen wir weiterhin Initiativen, die Bildung, Nachhaltigkeit und B\u00fcrgerbeteiligung miteinander verbinden. Aktivit\u00e4ten wie diese bekr\u00e4ftigen unser Engagement f\u00fcr ein Entwicklungsmodell, das die Umwelt und k\u00fcnftige Generationen respektiert\u201c, sagt er. <\/span><\/p>\n<p><span>Mit dieser Aktion f\u00f6rdert die Stadtverwaltung von P\u00e1jara weiterhin Projekte, die die Umwelterziehung in das t\u00e4gliche Leben der Gemeinde integrieren. Diese Ma\u00dfnahme reiht sich ein in eine Reihe lokaler Initiativen zum Schutz des nat\u00fcrlichen Erbes der Gemeinde.   <\/span><\/p>\n<\/div>\n","protected":false},"excerpt":{"rendered":"<p><i>Mehr als 50 Sch\u00fcler der IES Jand\u00eda nahmen an einer symbolischen Pflanzung teil, die das Engagement der Gemeinde f\u00fcr Nachhaltigkeit und Umwelterziehung unterstreicht.<\/i><\/p>\n","protected":false},"author":1,"featured_media":4506,"comment_status":"open","ping_status":"open","sticky":false,"template":"","format":"standard","meta":{"inline_featured_image":false,"jnews-multi-image_gallery":[],"jnews_single_post":[],"jnews_primary_category":[],"jnews_social_meta":[],"jnews_override_counter":[],"jnews_post_split":[],"footnotes":""},"categories":[297],"tags":[306,216,196,199],"class_list":["post-4510","post","type-post","status-publish","format-standard","has-post-thumbnail","hentry","category-pajara-de","tag-educacion-de","tag-fuerteventura-de","tag-gemeinden","tag-umwelt"],"jetpack_featured_media_url":"https:\/\/informacionlocal.es\/wp-content\/uploads\/2025\/05\/whatsapp-image-2025-05-28-at-13-42-42-e1748433079458.jpeg","_links":{"self":[{"href":"https:\/\/informacionlocal.es\/de\/wp-json\/wp\/v2\/posts\/4510","targetHints":{"allow":["GET"]}}],"collection":[{"href":"https:\/\/informacionlocal.es\/de\/wp-json\/wp\/v2\/posts"}],"about":[{"href":"https:\/\/informacionlocal.es\/de\/wp-json\/wp\/v2\/types\/post"}],"author":[{"embeddable":true,"href":"https:\/\/informacionlocal.es\/de\/wp-json\/wp\/v2\/users\/1"}],"replies":[{"embeddable":true,"href":"https:\/\/informacionlocal.es\/de\/wp-json\/wp\/v2\/comments?post=4510"}],"version-history":[{"count":0,"href":"https:\/\/informacionlocal.es\/de\/wp-json\/wp\/v2\/posts\/4510\/revisions"}],"wp:featuredmedia":[{"embeddable":true,"href":"https:\/\/informacionlocal.es\/de\/wp-json\/wp\/v2\/media\/4506"}],"wp:attachment":[{"href":"https:\/\/informacionlocal.es\/de\/wp-json\/wp\/v2\/media?parent=4510"}],"wp:term":[{"taxonomy":"category","embeddable":true,"href":"https:\/\/informacionlocal.es\/de\/wp-json\/wp\/v2\/categories?post=4510"},{"taxonomy":"post_tag","embeddable":true,"href":"https:\/\/informacionlocal.es\/de\/wp-json\/wp\/v2\/tags?post=4510"}],"curies":[{"name":"wp","href":"https:\/\/api.w.org\/{rel}","templated":true}]}}