{"id":4497,"date":"2025-05-28T11:23:37","date_gmt":"2025-05-28T11:23:37","guid":{"rendered":"https:\/\/informacionlocal.es\/la-oliva-weiht-einen-erste-hilfe-posten-auf-der-insel-lobos-ein\/"},"modified":"2025-05-28T11:23:37","modified_gmt":"2025-05-28T11:23:37","slug":"la-oliva-weiht-einen-erste-hilfe-posten-auf-der-insel-lobos-ein","status":"publish","type":"post","link":"https:\/\/informacionlocal.es\/de\/la-oliva-weiht-einen-erste-hilfe-posten-auf-der-insel-lobos-ein\/","title":{"rendered":"La Oliva weiht einen Erste-Hilfe-Posten auf der Insel Lobos ein"},"content":{"rendered":"<p>Die Stadtverwaltung von La Oliva hat \u00fcber die Abteilung f\u00fcr \u00f6ffentliche Sicherheit unter der Leitung von B\u00fcrgermeister Isa\u00ed Blanco einen Erste-Hilfe-Posten auf der Insel Lobos eingerichtet. Mit der Zusammenarbeit mit dem Cabildo Insular de Fuerteventura, durch die \u00dcbertragung des Grundst\u00fccks f\u00fcr die Bereitstellung des Dienstes, reagiert sie auf eine wachsende Nachfrage nach Hilfe f\u00fcr die Besucher der Insel in Notf\u00e4llen.   <\/p>\n<p>Nach Angaben des Katastrophenschutzes haben die Notrufe wegen Verletzungen, Schwindel und Dehydrierung auf der Insel um 30 % zugenommen, wobei in 70 % der F\u00e4lle die Entsendung von Rettungskr\u00e4ften aus Fuerteventura mit einer durchschnittlichen Reaktionszeit von 45 Minuten erforderlich war. Durch diese Einrichtung wird die Reaktionszeit im Falle eines Zwischenfalls verk\u00fcrzt, so dass die Besucher im Falle eines Unfalls schneller Hilfe erhalten.   <\/p>\n<p>Der B\u00fcrgermeister von La Oliva, Isa\u00ed Blanco, unterstreicht die Notwendigkeit, auf die Nachfrage der Bev\u00f6lkerung nach einem Hilfsdienst f\u00fcr kleine Zwischenf\u00e4lle zu reagieren, die sich bei Besuchern der Insel ereignen k\u00f6nnen: \u201eDurch die Einrichtung dieses Postens setzen wir die Erh\u00f6hung der Dienstleistungen durch den Bereich Sicherheit und Notf\u00e4lle fort, wir bieten den Besuchern eine fr\u00fchzeitige Hilfe und verk\u00fcrzen die Wartezeit im Falle der Notwendigkeit von Erster Hilfe\u201c.  <\/p>\n<p>\u201eDar\u00fcber hinaus soll dieser Servicepunkt auch im Hinblick auf den Umweltschutz weiter verbessert werden, da wir beabsichtigen, Material einzubauen, das unsere Bem\u00fchungen um den Erhalt der Umwelt unterstreicht\u201c, so der B\u00fcrgermeister.<\/p>\n<p>Mit dieser Ma\u00dfnahme setzt die Kommunalverwaltung ihr Engagement f\u00fcr mehr Sicherheit in der Gemeinde fort.<\/p>\n","protected":false},"excerpt":{"rendered":"<p><span>Mit der Einf\u00fchrung dieses Dienstes wird dem Wunsch der Besucher entsprochen, im Falle eines Vorfalls schnell Hilfe zu erhalten.<\/span><\/p>\n","protected":false},"author":1,"featured_media":4494,"comment_status":"open","ping_status":"open","sticky":false,"template":"","format":"standard","meta":{"inline_featured_image":false,"jnews-multi-image_gallery":[],"jnews_single_post":[],"jnews_primary_category":[],"jnews_social_meta":[],"jnews_override_counter":[],"jnews_post_split":[],"footnotes":""},"categories":[291],"tags":[216,199],"class_list":["post-4497","post","type-post","status-publish","format-standard","has-post-thumbnail","hentry","category-la-oliva-de","tag-fuerteventura-de","tag-umwelt"],"jetpack_featured_media_url":"https:\/\/informacionlocal.es\/wp-content\/uploads\/2025\/05\/5203_6d278bbf.png","_links":{"self":[{"href":"https:\/\/informacionlocal.es\/de\/wp-json\/wp\/v2\/posts\/4497","targetHints":{"allow":["GET"]}}],"collection":[{"href":"https:\/\/informacionlocal.es\/de\/wp-json\/wp\/v2\/posts"}],"about":[{"href":"https:\/\/informacionlocal.es\/de\/wp-json\/wp\/v2\/types\/post"}],"author":[{"embeddable":true,"href":"https:\/\/informacionlocal.es\/de\/wp-json\/wp\/v2\/users\/1"}],"replies":[{"embeddable":true,"href":"https:\/\/informacionlocal.es\/de\/wp-json\/wp\/v2\/comments?post=4497"}],"version-history":[{"count":0,"href":"https:\/\/informacionlocal.es\/de\/wp-json\/wp\/v2\/posts\/4497\/revisions"}],"wp:featuredmedia":[{"embeddable":true,"href":"https:\/\/informacionlocal.es\/de\/wp-json\/wp\/v2\/media\/4494"}],"wp:attachment":[{"href":"https:\/\/informacionlocal.es\/de\/wp-json\/wp\/v2\/media?parent=4497"}],"wp:term":[{"taxonomy":"category","embeddable":true,"href":"https:\/\/informacionlocal.es\/de\/wp-json\/wp\/v2\/categories?post=4497"},{"taxonomy":"post_tag","embeddable":true,"href":"https:\/\/informacionlocal.es\/de\/wp-json\/wp\/v2\/tags?post=4497"}],"curies":[{"name":"wp","href":"https:\/\/api.w.org\/{rel}","templated":true}]}}