{"id":4487,"date":"2025-05-28T09:39:08","date_gmt":"2025-05-28T09:39:08","guid":{"rendered":"https:\/\/informacionlocal.es\/antigua-feiert-den-tag-der-kanarischen-inseln-mit-einem-grossen-baile-de-taifas-traditioneller-tanz\/"},"modified":"2025-05-28T09:39:08","modified_gmt":"2025-05-28T09:39:08","slug":"antigua-feiert-den-tag-der-kanarischen-inseln-mit-einem-grossen-baile-de-taifas-traditioneller-tanz","status":"publish","type":"post","link":"https:\/\/informacionlocal.es\/de\/antigua-feiert-den-tag-der-kanarischen-inseln-mit-einem-grossen-baile-de-taifas-traditioneller-tanz\/","title":{"rendered":"Antigua feiert den Tag der Kanarischen Inseln mit einem gro\u00dfen Baile de Taifas (traditioneller Tanz)"},"content":{"rendered":"<div class=\"elementor-widget-container\">\n<p><strong>Antigua feiert den Tag der Kanarischen Inseln mit einem gro\u00dfen Baile de Taifas (traditioneller Tanz)<\/strong><\/p>\n<p><strong>&#8211; Auf der Plaza de Antigua von 13:00 bis 19:00 Uhr mit Auftritten der Parrandas Mayores de Antigua, El Campillo, Son de Anta\u00f1o und der Volksmusikgruppe Amol\u00e1n.  <\/strong><br \/><strong>&#8211; Alles ist bereit, um einen Tag der Traditionen, der Folklore, der Gastronomie und der Feierlichkeiten zum Tag der Kanarischen Inseln zu erleben, sowohl f\u00fcr diejenigen, die hier sind, als auch f\u00fcr diejenigen, die auf dieser Kanareninsel leben und sie respektieren, sagt der B\u00fcrgermeister Mat\u00edas Pe\u00f1a.<\/strong><\/p>\n<p>Alles ist bereit, um den Tag der Kanarischen Inseln in Antigua gemeinsam zu genie\u00dfen und zu feiern, sowohl f\u00fcr diejenigen von uns, die von hier stammen, als auch f\u00fcr diejenigen, die sich als Einheimische f\u00fchlen und dieses Land der Traditionen, der Musik und der k\u00f6stlichen Gastronomie respektieren, sagt der B\u00fcrgermeister Mat\u00edas Pe\u00f1a Garc\u00eda.<\/p>\n<p>Tische f\u00fcr Vereine, Familiengruppen, Freundeskreise, Parrandas und Kollektive, an denen es sicherlich nicht an kanarischen Eint\u00f6pfen und Gerichten, Mojo-Saucen, Sancocho und Papas Arrug\u00e1s mangeln wird, f\u00fcgt der Stadtrat f\u00fcr Kultur, Jonathan Pe\u00f1a, hinzu, und nat\u00fcrlich die Musik der Timple, der Bandurria oder des Tamburins, die die f\u00fcr uns typischen Rhythmen wie Isas, Fol\u00edas oder Seguidillas begleiten.<\/p>\n<p>Der Stadtrat f\u00fcr Kultur erinnert daran und r\u00e4t, in kanarischer Kleidung zu kommen, um den Tag der Kanarischen Inseln und den von uns organisierten Baile de Taifas, bei dem jeder willkommen ist, in vollen Z\u00fcgen zu genie\u00dfen, denn wenn es etwas gibt, das die Kanarier und die Kanaren auszeichnet, dann ist es, dass sie gastfreundlich und sehr gute Gastgeber sind.<\/p>\n<p>Auf der B\u00fchne, die Leistungen der parrandas Mayores de Antigua, El Campillo, Son de Anta\u00f1o und der popul\u00e4ren Musikgruppe Amol\u00e1n, spielte in der Baile de Taifas von 13:00 bis 19:00 Uhr in einem Platz von Antigua f\u00fcr die Gelegenheit dekoriert.<\/p>\n<\/p>\n<\/div>\n","protected":false},"excerpt":{"rendered":"<p><strong>Antigua feiert den Tag der Kanarischen Inseln mit einem gro\u00dfen Baile de Taifas (traditioneller Tanz)<\/strong><\/p>\n","protected":false},"author":1,"featured_media":4482,"comment_status":"open","ping_status":"open","sticky":false,"template":"","format":"standard","meta":{"inline_featured_image":false,"jnews-multi-image_gallery":[],"jnews_single_post":[],"jnews_primary_category":[],"jnews_social_meta":[],"jnews_override_counter":[],"jnews_post_split":[],"footnotes":""},"categories":[283],"tags":[],"class_list":["post-4487","post","type-post","status-publish","format-standard","has-post-thumbnail","hentry","category-antigua-de"],"jetpack_featured_media_url":"https:\/\/informacionlocal.es\/wp-content\/uploads\/2025\/05\/diacanantigua-9-scaled-1.jpg","_links":{"self":[{"href":"https:\/\/informacionlocal.es\/de\/wp-json\/wp\/v2\/posts\/4487","targetHints":{"allow":["GET"]}}],"collection":[{"href":"https:\/\/informacionlocal.es\/de\/wp-json\/wp\/v2\/posts"}],"about":[{"href":"https:\/\/informacionlocal.es\/de\/wp-json\/wp\/v2\/types\/post"}],"author":[{"embeddable":true,"href":"https:\/\/informacionlocal.es\/de\/wp-json\/wp\/v2\/users\/1"}],"replies":[{"embeddable":true,"href":"https:\/\/informacionlocal.es\/de\/wp-json\/wp\/v2\/comments?post=4487"}],"version-history":[{"count":0,"href":"https:\/\/informacionlocal.es\/de\/wp-json\/wp\/v2\/posts\/4487\/revisions"}],"wp:featuredmedia":[{"embeddable":true,"href":"https:\/\/informacionlocal.es\/de\/wp-json\/wp\/v2\/media\/4482"}],"wp:attachment":[{"href":"https:\/\/informacionlocal.es\/de\/wp-json\/wp\/v2\/media?parent=4487"}],"wp:term":[{"taxonomy":"category","embeddable":true,"href":"https:\/\/informacionlocal.es\/de\/wp-json\/wp\/v2\/categories?post=4487"},{"taxonomy":"post_tag","embeddable":true,"href":"https:\/\/informacionlocal.es\/de\/wp-json\/wp\/v2\/tags?post=4487"}],"curies":[{"name":"wp","href":"https:\/\/api.w.org\/{rel}","templated":true}]}}