{"id":4450,"date":"2025-05-27T11:01:05","date_gmt":"2025-05-27T11:01:05","guid":{"rendered":"https:\/\/informacionlocal.es\/das-rathaus-von-pajara-eroeffnet-den-fun-summer-sports-campus-fuer-kinder-zwischen-6-und-11-jahren\/"},"modified":"2025-05-27T11:01:05","modified_gmt":"2025-05-27T11:01:05","slug":"das-rathaus-von-pajara-eroeffnet-den-fun-summer-sports-campus-fuer-kinder-zwischen-6-und-11-jahren","status":"publish","type":"post","link":"https:\/\/informacionlocal.es\/de\/das-rathaus-von-pajara-eroeffnet-den-fun-summer-sports-campus-fuer-kinder-zwischen-6-und-11-jahren\/","title":{"rendered":"Das Rathaus von P\u00e1jara er\u00f6ffnet den Fun Summer Sports Campus f\u00fcr Kinder zwischen 6 und 11 Jahren"},"content":{"rendered":"<div class=\"entry-content\">\n<p><b><i>Vom 23. Juni bis zum 5. September finden die Aktivit\u00e4ten an verschiedenen Orten in der Gemeinde statt, mit begrenzten Pl\u00e4tzen und einer Vormittagsschicht, au\u00dfer in La Lajita, wo es auch eine Nachmittagsschicht geben wird.<\/i><\/b><\/p>\n<p><span>Die Sportabteilung des Rathauses von P\u00e1jara stellt den \u201eCampus Deportivo Verano Divertido\u201c vor, eine Initiative, die sich an Kinder zwischen 6 und 11 Jahren richtet und vom 23. Juni bis zum 5. September an verschiedenen Orten in der Gemeinde stattfinden wird. Ziel des Campus ist es, den Kindern w\u00e4hrend der Schulferien eine aktive und gesunde Freizeitalternative zu bieten.   <\/span><\/p>\n<p><span>Die Aktivit\u00e4ten finden in verschiedenen Gebieten der Gemeinde statt, so dass die N\u00e4he und Erreichbarkeit f\u00fcr Familien gew\u00e4hrleistet ist. Die einbezogenen Ortschaften sind: P\u00e1jara (Ajuy und Toto), La Lajita (La Pared, Valle de La Lajita und Card\u00f3n), Costa Calma und Morro Jable.   <\/span><\/p>\n<p><span>Die Schichten finden vormittags statt, au\u00dfer in La Lajita, wo es auch eine Nachmittagsschicht von 16:00 bis 20:00 Uhr geben wird. Um teilnehmen zu k\u00f6nnen, m\u00fcssen die Kinder in der Gemeinde gemeldet sein und sich an ihrem Wohnort anmelden. Die Pl\u00e4tze sind begrenzt und werden in der Reihenfolge der Anmeldung vergeben.    <\/span><\/p>\n<p><span>Der Stadtrat f\u00fcr Sport, Jos\u00e9 Benito Alonso, weist darauf hin, dass es sich um ein Engagement f\u00fcr den Sport als Mittel zur Integration, Gesundheit und Freude der Kinder handelt. \u201eWir wollen, dass jedes Kind in der Gemeinde Zugang zu einem aktiven, unterhaltsamen und erlebnisreichen Sommer hat, ohne dass die Kosten ein Hindernis f\u00fcr Familien darstellen\u201c, sagte er. <\/span><\/p>\n<p><span>Die Stadtverwaltung ermutigt Familien, ihre Kinder anzumelden. Das Anmeldeformular ist auf der Website des Rathauses oder \u00fcber den folgenden Link verf\u00fcgbar:   <\/span><span>Vorregistrierung SPORTS CAMPUS P\u00c1JARA 2025<\/span><span>. Im Falle von Morro Jable k\u00f6nnen die Anmeldungen direkt mit dem Club N\u00e1utico per E-Mail abgewickelt werden  <\/span><span>pasasipuedes@gmail.com<\/span><span> oder unter der Nummer 634 526 888. <\/span> <\/p>\n<p><img fetchpriority=\"high\" decoding=\"async\" class=\"alignnone size-medium wp-image-20347\" src=\"https:\/\/informacionlocal.es\/wp-content\/uploads\/2025\/05\/costa-calma-225x300-1.png\" width=\"225\" height=\"300\" title=\"costa-calma-225x300-1\"><img decoding=\"async\" class=\"alignnone size-medium wp-image-20348\" src=\"https:\/\/informacionlocal.es\/wp-content\/uploads\/2025\/05\/la-lajita-225x300-1.png\" width=\"225\" height=\"300\" title=\"la-lajita-225x300-1\"><img decoding=\"async\" class=\"alignnone size-medium wp-image-20349\" src=\"https:\/\/informacionlocal.es\/wp-content\/uploads\/2025\/05\/morro-jable-225x300-1.png\" width=\"225\" height=\"300\" title=\"morro-jable-225x300-1\"><img loading=\"lazy\" decoding=\"async\" loading=\"lazy\" class=\"alignnone size-medium wp-image-20350\" src=\"https:\/\/informacionlocal.es\/wp-content\/uploads\/2025\/05\/pajara-225x300-1.png\" width=\"225\" height=\"300\" title=\"pajara-225x300-1\"><\/p>\n<\/p>\n<\/p>\n<\/div>\n","protected":false},"excerpt":{"rendered":"<p><i>Vom 23. Juni bis zum 5. September finden die Aktivit\u00e4ten an verschiedenen Orten in der Gemeinde statt, mit begrenzten Pl\u00e4tzen und einer Vormittagsschicht, au\u00dfer in La Lajita, wo es auch eine Nachmittagsschicht geben wird.<\/i><\/p>\n","protected":false},"author":1,"featured_media":4430,"comment_status":"open","ping_status":"open","sticky":false,"template":"","format":"standard","meta":{"inline_featured_image":false,"jnews-multi-image_gallery":[],"jnews_single_post":[],"jnews_primary_category":[],"jnews_social_meta":[],"jnews_override_counter":[],"jnews_post_split":[],"footnotes":""},"categories":[297],"tags":[323,213],"class_list":["post-4450","post","type-post","status-publish","format-standard","has-post-thumbnail","hentry","category-pajara-de","tag-aufenthalt","tag-integration-de"],"jetpack_featured_media_url":"https:\/\/informacionlocal.es\/wp-content\/uploads\/2025\/05\/img_3090.jpg","_links":{"self":[{"href":"https:\/\/informacionlocal.es\/de\/wp-json\/wp\/v2\/posts\/4450","targetHints":{"allow":["GET"]}}],"collection":[{"href":"https:\/\/informacionlocal.es\/de\/wp-json\/wp\/v2\/posts"}],"about":[{"href":"https:\/\/informacionlocal.es\/de\/wp-json\/wp\/v2\/types\/post"}],"author":[{"embeddable":true,"href":"https:\/\/informacionlocal.es\/de\/wp-json\/wp\/v2\/users\/1"}],"replies":[{"embeddable":true,"href":"https:\/\/informacionlocal.es\/de\/wp-json\/wp\/v2\/comments?post=4450"}],"version-history":[{"count":0,"href":"https:\/\/informacionlocal.es\/de\/wp-json\/wp\/v2\/posts\/4450\/revisions"}],"wp:featuredmedia":[{"embeddable":true,"href":"https:\/\/informacionlocal.es\/de\/wp-json\/wp\/v2\/media\/4430"}],"wp:attachment":[{"href":"https:\/\/informacionlocal.es\/de\/wp-json\/wp\/v2\/media?parent=4450"}],"wp:term":[{"taxonomy":"category","embeddable":true,"href":"https:\/\/informacionlocal.es\/de\/wp-json\/wp\/v2\/categories?post=4450"},{"taxonomy":"post_tag","embeddable":true,"href":"https:\/\/informacionlocal.es\/de\/wp-json\/wp\/v2\/tags?post=4450"}],"curies":[{"name":"wp","href":"https:\/\/api.w.org\/{rel}","templated":true}]}}