{"id":4421,"date":"2025-05-26T15:31:13","date_gmt":"2025-05-26T15:31:13","guid":{"rendered":"https:\/\/informacionlocal.es\/pajara-bekraeftigt-sein-umweltengagement-bei-der-zehnten-auflage-von-limpia-cofete\/"},"modified":"2025-05-26T15:31:13","modified_gmt":"2025-05-26T15:31:13","slug":"pajara-bekraeftigt-sein-umweltengagement-bei-der-zehnten-auflage-von-limpia-cofete","status":"publish","type":"post","link":"https:\/\/informacionlocal.es\/de\/pajara-bekraeftigt-sein-umweltengagement-bei-der-zehnten-auflage-von-limpia-cofete\/","title":{"rendered":"P\u00e1jara bekr\u00e4ftigt sein Umweltengagement bei der zehnten Auflage von Limpia Cofete"},"content":{"rendered":"<div class=\"entry-content\">\n<p><b><i>An diesem Tag wurde der Strand von den durch die Meeresstr\u00f6mungen angesp\u00fclten Ablagerungen und dem von den Besuchern hinterlassenen M\u00fcll befreit.  <\/i><\/b><\/p>\n<p><span>Die Stadtverwaltung von P\u00e1jara bekr\u00e4ftigt \u00fcber die Abteilungen Umwelt und Str\u00e4nde ihr Engagement f\u00fcr den Schutz der nat\u00fcrlichen Umwelt, indem sie sich erneut an dem am Sonntag, den 25. Mai, stattfindenden Tag \u201eLimpia Cofete\u201c beteiligt.  <\/span><\/p>\n<p><span>Bei der von der Freiwilligengruppe Limpiaventura gef\u00f6rderten Aktion wurde eine ganze Lkw-Ladung M\u00fcll am symboltr\u00e4chtigen Strand von Cofete eingesammelt. Zu den gesammelten Abf\u00e4llen geh\u00f6rten gro\u00dfe Mengen an Kunststoffen, Fischernetzen und gro\u00dfen Beh\u00e4ltern wie Rohren, die sowohl von den Meeresstr\u00f6mungen als auch vom r\u00fccksichtslosen Verhalten einiger Besucher herr\u00fchren, die ihren M\u00fcll in einem \u00f6kologisch sehr wertvollen Umfeld hinterlassen.   <\/span><\/p>\n<p><span>Die Stadtr\u00e4tin f\u00fcr Umwelt, \u00c1ngeles Acosta, \u00e4u\u00dferte sich positiv \u00fcber das Ergebnis des Tages. \u201eDies ist ein Zeichen f\u00fcr die kollektive Verantwortung, die wir f\u00fcr den Schutz unseres nat\u00fcrlichen Erbes \u00fcbernehmen m\u00fcssen. Diese Aktion zeigt, dass es m\u00f6glich ist, wenn Institutionen und B\u00fcrger Hand in Hand arbeiten, eine echte Wirkung auf die Umwelt zu erzielen und sich in Richtung eines nachhaltigeren Modells des Zusammenlebens zu bewegen\u201c, betont sie.    <\/span><\/p>\n<p><span>Der Stadtrat f\u00fcr Str\u00e4nde, Raimundo Dacosta, betont seinerseits, dass \u201ediese Art von Aktivit\u00e4t nicht nur dazu beitr\u00e4gt, unsere K\u00fcste in bestem Zustand zu erhalten, sondern auch das Umweltbewusstsein und die Beteiligung der B\u00fcrger st\u00e4rkt\u201c.  <\/span><\/p>\n<p><span>Der Tag fand unter der Pr\u00e4misse \u201efrei von Einwegplastik\u201c statt und gipfelte in einer gemeinsamen Paella in einer Atmosph\u00e4re der Koexistenz und des Umweltschutzes.  <\/span><\/p>\n<p><span>Der Erfolg dieser Aktion best\u00e4tigt die Notwendigkeit, R\u00e4ume wie Cofete abfallfrei zu halten, und unterstreicht, wie wichtig es ist, weiterhin Aktionen zu f\u00f6rdern, die Umweltbewusstsein, B\u00fcrgerbeteiligung und direkte Aktionen miteinander verbinden.  <\/span><\/p>\n<\/div>\n","protected":false},"excerpt":{"rendered":"<p><i>An diesem Tag wurde der Strand von den durch die Meeresstr\u00f6mungen angesp\u00fclten Ablagerungen und dem von den Besuchern hinterlassenen M\u00fcll befreit.  <\/i><\/p>\n","protected":false},"author":1,"featured_media":4418,"comment_status":"open","ping_status":"open","sticky":false,"template":"","format":"standard","meta":{"inline_featured_image":false,"jnews-multi-image_gallery":[],"jnews_single_post":[],"jnews_primary_category":[],"jnews_social_meta":[],"jnews_override_counter":[],"jnews_post_split":[],"footnotes":""},"categories":[297],"tags":[199],"class_list":["post-4421","post","type-post","status-publish","format-standard","has-post-thumbnail","hentry","category-pajara-de","tag-umwelt"],"jetpack_featured_media_url":"https:\/\/informacionlocal.es\/wp-content\/uploads\/2025\/05\/limpia-cofete-2025-2-e1748271294664.jpg","_links":{"self":[{"href":"https:\/\/informacionlocal.es\/de\/wp-json\/wp\/v2\/posts\/4421","targetHints":{"allow":["GET"]}}],"collection":[{"href":"https:\/\/informacionlocal.es\/de\/wp-json\/wp\/v2\/posts"}],"about":[{"href":"https:\/\/informacionlocal.es\/de\/wp-json\/wp\/v2\/types\/post"}],"author":[{"embeddable":true,"href":"https:\/\/informacionlocal.es\/de\/wp-json\/wp\/v2\/users\/1"}],"replies":[{"embeddable":true,"href":"https:\/\/informacionlocal.es\/de\/wp-json\/wp\/v2\/comments?post=4421"}],"version-history":[{"count":0,"href":"https:\/\/informacionlocal.es\/de\/wp-json\/wp\/v2\/posts\/4421\/revisions"}],"wp:featuredmedia":[{"embeddable":true,"href":"https:\/\/informacionlocal.es\/de\/wp-json\/wp\/v2\/media\/4418"}],"wp:attachment":[{"href":"https:\/\/informacionlocal.es\/de\/wp-json\/wp\/v2\/media?parent=4421"}],"wp:term":[{"taxonomy":"category","embeddable":true,"href":"https:\/\/informacionlocal.es\/de\/wp-json\/wp\/v2\/categories?post=4421"},{"taxonomy":"post_tag","embeddable":true,"href":"https:\/\/informacionlocal.es\/de\/wp-json\/wp\/v2\/tags?post=4421"}],"curies":[{"name":"wp","href":"https:\/\/api.w.org\/{rel}","templated":true}]}}