{"id":4409,"date":"2025-05-26T14:09:20","date_gmt":"2025-05-26T14:09:20","guid":{"rendered":"https:\/\/informacionlocal.es\/plan-zur-ausweitung-der-abdeckung-und-verbesserung-der-festen-breitbanddienste-in-puerto-del-rosario\/"},"modified":"2025-05-26T14:09:20","modified_gmt":"2025-05-26T14:09:20","slug":"plan-zur-ausweitung-der-abdeckung-und-verbesserung-der-festen-breitbanddienste-in-puerto-del-rosario","status":"publish","type":"post","link":"https:\/\/informacionlocal.es\/de\/plan-zur-ausweitung-der-abdeckung-und-verbesserung-der-festen-breitbanddienste-in-puerto-del-rosario\/","title":{"rendered":"Plan zur Ausweitung der Abdeckung und Verbesserung der festen Breitbanddienste in Puerto del Rosario."},"content":{"rendered":"<div class=\"entry-content\">\n<p>Am Montagmittag, den 26. Mai, fand im Rathaus der Hauptstadt die Pr\u00e4sentation eines Plans zur Erweiterung der Abdeckung und Verbesserung der festen Breitbanddienste (Glasfaserkabel) in der Gemeinde Puerto del Rosario statt, der sich auf die l\u00e4ndlichen Gebiete konzentriert, die derzeit nicht angeschlossen sind.<\/p>\n<p>Dieser Plan zielt darauf ab, einen stabilen und hochwertigen Internetzugang bereitzustellen, um die Lebensqualit\u00e4t der Einwohner zu verbessern und die digitale Kluft in den l\u00e4ndlichen Gebieten zu verringern. Die Umsetzung dieses Projekts entspricht einer sozialen und strategischen Forderung, die auf die digitale Integration, den territorialen Zusammenhalt und die Modernisierung der kommunalen Dienstleistungen abzielt. <\/p>\n<p>Die Pr\u00e4sentation wurde von Carlos Couros, Dekan des Kanarischen Telekommunikationsverbandes, gehalten.<\/p>\n<p>F\u00fcr <strong>B\u00fcrgermeister David de Vera<\/strong>\u201earbeiten wir weiter daran, alle D\u00f6rfer und Stadtteile der Gemeinde zu erreichen und unseren Nachbarn bessere Kommunikationsdienste zu bieten, bei denen der Internetzugang ein n\u00fctzliches Instrument f\u00fcr jeden Bedarf ist, da wir die erste Gemeinde auf den Kanarischen Inseln sind, die diese Initiative durchf\u00fchrt\u201c.<\/p>\n<p>Die <strong>Stadtr\u00e4tin f\u00fcr Neue Technologien, Rosa Rodr\u00edguez,<\/strong> erkl\u00e4rte, dass \u201ees sich zwar um einen langwierigen Prozess auf administrativer und technischer Ebene handelt, unser Ziel aber darin besteht, die Ausweitung der Abdeckung und die Verbesserung des Dienstes weiter voranzutreiben, damit die Neuen Technologien f\u00fcr alle zug\u00e4nglich sind\u201c.<\/p>\n<p>Die Notwendigkeit dieses Projekts wird durch die offensichtliche digitale Kluft in den l\u00e4ndlichen Gebieten von Puerto del Rosario begr\u00fcndet, die die Lebensqualit\u00e4t der Bewohner beeintr\u00e4chtigt und ihre M\u00f6glichkeiten in Bereichen wie Bildung, Besch\u00e4ftigung, Gesundheit und E-Government einschr\u00e4nkt.<\/p>\n<\/div>\n","protected":false},"excerpt":{"rendered":"<p>Am Montagmittag, den 26. Mai, fand im Rathaus der Hauptstadt die Pr\u00e4sentation eines Plans zur Erweiterung der Abdeckung und Verbesserung der festen Breitbanddienste (Glasfaserkabel) in der Gemeinde Puerto del Rosario [&hellip;]<\/p>\n","protected":false},"author":1,"featured_media":4406,"comment_status":"open","ping_status":"open","sticky":false,"template":"","format":"standard","meta":{"inline_featured_image":false,"jnews-multi-image_gallery":[],"jnews_single_post":[],"jnews_primary_category":[],"jnews_social_meta":[],"jnews_override_counter":[],"jnews_post_split":[],"footnotes":""},"categories":[293],"tags":[306,277],"class_list":["post-4409","post","type-post","status-publish","format-standard","has-post-thumbnail","hentry","category-puerto-del-rosario-de","tag-educacion-de","tag-gesundheit"],"jetpack_featured_media_url":"https:\/\/informacionlocal.es\/wp-content\/uploads\/2025\/05\/banda-ancha-de-pie-260525.jpg","_links":{"self":[{"href":"https:\/\/informacionlocal.es\/de\/wp-json\/wp\/v2\/posts\/4409","targetHints":{"allow":["GET"]}}],"collection":[{"href":"https:\/\/informacionlocal.es\/de\/wp-json\/wp\/v2\/posts"}],"about":[{"href":"https:\/\/informacionlocal.es\/de\/wp-json\/wp\/v2\/types\/post"}],"author":[{"embeddable":true,"href":"https:\/\/informacionlocal.es\/de\/wp-json\/wp\/v2\/users\/1"}],"replies":[{"embeddable":true,"href":"https:\/\/informacionlocal.es\/de\/wp-json\/wp\/v2\/comments?post=4409"}],"version-history":[{"count":0,"href":"https:\/\/informacionlocal.es\/de\/wp-json\/wp\/v2\/posts\/4409\/revisions"}],"wp:featuredmedia":[{"embeddable":true,"href":"https:\/\/informacionlocal.es\/de\/wp-json\/wp\/v2\/media\/4406"}],"wp:attachment":[{"href":"https:\/\/informacionlocal.es\/de\/wp-json\/wp\/v2\/media?parent=4409"}],"wp:term":[{"taxonomy":"category","embeddable":true,"href":"https:\/\/informacionlocal.es\/de\/wp-json\/wp\/v2\/categories?post=4409"},{"taxonomy":"post_tag","embeddable":true,"href":"https:\/\/informacionlocal.es\/de\/wp-json\/wp\/v2\/tags?post=4409"}],"curies":[{"name":"wp","href":"https:\/\/api.w.org\/{rel}","templated":true}]}}