{"id":4397,"date":"2025-05-26T13:35:10","date_gmt":"2025-05-26T13:35:10","guid":{"rendered":"https:\/\/informacionlocal.es\/puerto-del-rosario-feiert-den-tag-der-kanarischen-inseln-mit-traditionellen-aktivitaeten-gastronomischen-angeboten-und-generationsuebergreifenden-begegnungen\/"},"modified":"2025-05-26T13:35:10","modified_gmt":"2025-05-26T13:35:10","slug":"puerto-del-rosario-feiert-den-tag-der-kanarischen-inseln-mit-traditionellen-aktivitaeten-gastronomischen-angeboten-und-generationsuebergreifenden-begegnungen","status":"publish","type":"post","link":"https:\/\/informacionlocal.es\/de\/puerto-del-rosario-feiert-den-tag-der-kanarischen-inseln-mit-traditionellen-aktivitaeten-gastronomischen-angeboten-und-generationsuebergreifenden-begegnungen\/","title":{"rendered":"Puerto del Rosario feiert den Tag der Kanarischen Inseln mit traditionellen Aktivit\u00e4ten, gastronomischen Angeboten und generations\u00fcbergreifenden Begegnungen."},"content":{"rendered":"<div class=\"entry-content\">\n<p>Die Stadtverwaltung von Puerto del Rosario hat ein umfangreiches Programm f\u00fcr die Feierlichkeiten <strong>zum Tag der Kanarischen Inseln<\/strong> vorbereitet, mit Vorschl\u00e4gen, die die kulturelle Identit\u00e4t, das kollektive Vergn\u00fcgen und die Teilnahme aller Altersgruppen f\u00f6rdern. Die Veranstaltungen sind in verschiedenen Bereichen der Gemeinde angesiedelt, wobei die Abteilungen f\u00fcr lokale Entwicklung, Grundversorgung und soziale Angelegenheiten besonders beteiligt sind. <\/p>\n<p><strong>Traditionelle Spiele &#8211; Projekt \u201eBregando por Puerto\u201c.<\/strong><\/p>\n<p>Im Rahmen des Projekts <strong>\u201eBregando por Puerto\u201c,<\/strong> das von der Abteilung f\u00fcr lokale Entwicklung unter der Leitung von <strong>\u00c9rica Gonz\u00e1lez<\/strong> gef\u00f6rdert wird, finden in verschiedenen Teilen der Gemeinde eine Reihe von Tagen mit traditionellen kanarischen Spielen statt. Diese Aktivit\u00e4ten sind integrativ, generationen\u00fcbergreifend und v\u00f6llig kostenlos. <\/p>\n<p><strong>Kommende Termine:<\/strong><\/p>\n<ul>\n<li>AAVV Castillejo de Tesjuate &#8211; 26. Mai (17:30h bis 19:30h).<\/li>\n<li>Plaza de La Paz &#8211; 27. Mai (17:00h bis 19:30h).<\/li>\n<li>Calle Primero de Mayo &#8211; 28. und 29. Mai (10:00 bis 12:00 Uhr und 16:30 bis 18:30 Uhr).<\/li>\n<\/ul>\n<p>An diesen Tagen kann sich die Gemeinschaft erholen und Spiele wie die T\u00e1ngana, das Seil, das Gummiband, den H\u00fctesprung oder Himmel und H\u00f6lle gemeinsam spielen.<\/p>\n<p><strong>David de Vera<\/strong>, B\u00fcrgermeister von Puerto del Rosario und Leiter der Abteilung f\u00fcr soziale Angelegenheiten, sagte: <em>\u201eWir wollen, dass der Tag der Kanarischen Inseln auf der Stra\u00dfe erlebt wird, mit der Freude an unseren Traditionen und dem Stolz, ein Volk zu sein. Aktivit\u00e4ten wie diese verst\u00e4rken die Verbindung zwischen den Generationen und das Gef\u00fchl der Zugeh\u00f6rigkeit zu unserem Land\u201c.<\/em><\/p>\n<p><strong>\u00c9rica Gonz\u00e1lez<\/strong>, Stadtr\u00e4tin f\u00fcr lokale Entwicklung, betont: <em>\u201eMit Bregando por Puerto wollten wir unsere Wurzeln auf partizipative, integrative und didaktische Weise auf die Stra\u00dfe bringen. Traditionelle Spiele sind nicht nur Teil unseres kulturellen Erbes, sondern auch ein Instrument f\u00fcr den sozialen Zusammenhalt, das das kollektive Ged\u00e4chtnis weckt und das Gemeinschaftsgef\u00fcge st\u00e4rkt\u201c.<\/em><\/p>\n<p><strong>David de Le\u00f3n<\/strong>, Stadtrat f\u00fcr den prim\u00e4ren Sektor, betonte: <em>\u201eIm Rathaus unterst\u00fctzen wir weiterhin Initiativen, die das, was uns geh\u00f6rt, wertsch\u00e4tzen, die das Volkswissen, die m\u00fcndliche \u00dcberlieferung und die Spiele, die mehrere Generationen von Kanarierinnen und Kanariern gepr\u00e4gt haben, ins Rampenlicht r\u00fccken\u201c.<\/em><\/p>\n<p><strong>Treffen der Seniorenzentren &#8211; 27. Mai<\/strong><\/p>\n<p>Am Montag, den 27. Mai, findet von 17:00 bis 21:00 Uhr auf der Plaza de la Paz ein von der Generaldirektion f\u00fcr \u00e4ltere Menschen und aktive Teilnahme in Zusammenarbeit mit dem Rathaus organisiertes Fest statt. Die Seniorenzentren der Gemeinde werden zusammenkommen, um einen Tag mit Musik, Geselligkeit und Preisen f\u00fcr die beste Tracht zu feiern. <\/p>\n<p><strong>\u201eSchmecken Sie Puerto del Rosario\u201c &#8211; 29. Mai<\/strong><\/p>\n<p>Am Donnerstag, den 29. Mai, findet von 10:00 bis 13:00 Uhr in der Avenida Mar\u00edtima die gastronomische Ausstellung <strong>\u201eSaborea Puerto del Rosario\u201c statt, ein<\/strong> Schaufenster der lokalen Produkte und der traditionellen kanarischen K\u00fcche. Es wird Kostproben und eine Ausstellung von Produkten geben, die aus lokalen Erzeugnissen hergestellt werden, um den Prim\u00e4rsektor und die Kreislaufwirtschaft zu unterst\u00fctzen. <\/p>\n<\/div>\n","protected":false},"excerpt":{"rendered":"<p>Die Stadtverwaltung von Puerto del Rosario hat ein umfangreiches Programm f\u00fcr die Feierlichkeiten zum Tag der Kanarischen Inseln vorbereitet, mit Vorschl\u00e4gen, die die kulturelle Identit\u00e4t, das kollektive Vergn\u00fcgen und die [&hellip;]<\/p>\n","protected":false},"author":1,"featured_media":4394,"comment_status":"open","ping_status":"open","sticky":false,"template":"","format":"standard","meta":{"inline_featured_image":false,"jnews-multi-image_gallery":[],"jnews_single_post":[],"jnews_primary_category":[],"jnews_social_meta":[],"jnews_override_counter":[],"jnews_post_split":[],"footnotes":""},"categories":[293],"tags":[305],"class_list":["post-4397","post","type-post","status-publish","format-standard","has-post-thumbnail","hentry","category-puerto-del-rosario-de","tag-agenda-de"],"jetpack_featured_media_url":"https:\/\/informacionlocal.es\/wp-content\/uploads\/2025\/05\/dia-de-canarias-general.jpg","_links":{"self":[{"href":"https:\/\/informacionlocal.es\/de\/wp-json\/wp\/v2\/posts\/4397","targetHints":{"allow":["GET"]}}],"collection":[{"href":"https:\/\/informacionlocal.es\/de\/wp-json\/wp\/v2\/posts"}],"about":[{"href":"https:\/\/informacionlocal.es\/de\/wp-json\/wp\/v2\/types\/post"}],"author":[{"embeddable":true,"href":"https:\/\/informacionlocal.es\/de\/wp-json\/wp\/v2\/users\/1"}],"replies":[{"embeddable":true,"href":"https:\/\/informacionlocal.es\/de\/wp-json\/wp\/v2\/comments?post=4397"}],"version-history":[{"count":0,"href":"https:\/\/informacionlocal.es\/de\/wp-json\/wp\/v2\/posts\/4397\/revisions"}],"wp:featuredmedia":[{"embeddable":true,"href":"https:\/\/informacionlocal.es\/de\/wp-json\/wp\/v2\/media\/4394"}],"wp:attachment":[{"href":"https:\/\/informacionlocal.es\/de\/wp-json\/wp\/v2\/media?parent=4397"}],"wp:term":[{"taxonomy":"category","embeddable":true,"href":"https:\/\/informacionlocal.es\/de\/wp-json\/wp\/v2\/categories?post=4397"},{"taxonomy":"post_tag","embeddable":true,"href":"https:\/\/informacionlocal.es\/de\/wp-json\/wp\/v2\/tags?post=4397"}],"curies":[{"name":"wp","href":"https:\/\/api.w.org\/{rel}","templated":true}]}}