{"id":4373,"date":"2025-05-26T11:39:01","date_gmt":"2025-05-26T11:39:01","guid":{"rendered":"https:\/\/informacionlocal.es\/corralejo-wird-zum-nationalen-epizentrum-der-spanischen-triathlonmeisterschaften-in-der-kombination\/"},"modified":"2025-05-26T11:39:01","modified_gmt":"2025-05-26T11:39:01","slug":"corralejo-wird-zum-nationalen-epizentrum-der-spanischen-triathlonmeisterschaften-in-der-kombination","status":"publish","type":"post","link":"https:\/\/informacionlocal.es\/de\/corralejo-wird-zum-nationalen-epizentrum-der-spanischen-triathlonmeisterschaften-in-der-kombination\/","title":{"rendered":"Corralejo wird zum nationalen Epizentrum der spanischen Triathlonmeisterschaften in der Kombination."},"content":{"rendered":"<p>Das Centro Insular de Atletismo de Fuerteventura ist am kommenden Wochenende, dem 31. Mai und 1. Juni, Gastgeber der Spanischen Meisterschaften im Mehrkampf. Dieser Wettbewerb, der von der Stadtverwaltung von La Oliva \u00fcber die Sportabteilung unter der Leitung von Gleiber Carre\u00f1o zusammen mit dem RFEA (K\u00f6niglicher Spanischer Leichtathletikverband), dem FCA (Kanarischer Leichtathletikverband) und dem FIAF (Leichtathletikverband der Insel Fuerteventura) und in Zusammenarbeit mit dem Inselrat von Fuerteventura organisiert wird, ist die erste nationale Veranstaltung dieser Art auf der Insel. <\/p>\n<p>So wird Corralejo zwei Tage lang Schauplatz dieses Wettbewerbs sein, der von Teams der autonomen Verb\u00e4nde ausgetragen wird, wobei 8 Gemeinden mit 6 Sportlern um das Podium k\u00e4mpfen werden. Zu beachten ist auch, dass 4 Athleten aus jeder Gemeinde (2 Jungen und 2 M\u00e4dchen) an den Wettk\u00e4mpfen teilnehmen werden. Die teilnehmenden autonomen Gemeinschaften sind Galicien, Baskenland, Madrid, Valencia, Andalusien, Murcia und die Kanarischen Inseln, wo die Athleten einen Zehnkampf und die Athletinnen einen Siebenkampf absolvieren werden.  <\/p>\n<p>Au\u00dferdem werden Paola Sarabia und Eduardo Figueroa, beide aus Corralejo, sowie Juan Manuel Hern\u00e1ndez, ein Athlet aus Puerto del Rosario, die dem Kanarischen Verband angeh\u00f6ren und Mitglieder des \u00f6rtlichen Vereins C.D. Maxoathlon Fuerteventura sind, an diesem Wettbewerb teilnehmen. Die Meisterschaften z\u00e4hlen auch auf die Teilnahme der aktuellen spanischen Hallenmeister, der Valencianerin Alba Ram\u00edrez und des Katalanen Pol Ferrer.   <\/p>\n<p>Der B\u00fcrgermeister von La Oliva, Isa\u00ed Blanco, hebt die Rolle des Sports in der Gemeinde hervor: \u201eDie Feierlichkeiten zu den spanischen Meisterschaften im Mehrkampf sind ein Spiegelbild des Sports, der sich auf unserer Insel bewegt. Fuerteventura kann auf eine lange Geschichte von Spitzenathleten wie Paola Sarabia und Eduardo Figueroa zur\u00fcckblicken, die nicht nur f\u00fcr unsere Gemeinde, sondern auch f\u00fcr den nationalen Sport eine Quelle des Stolzes sind. Die k\u00fcrzliche Einweihung des Leichtathletikzentrums der Insel bietet diesen Athleten einen Ort, an dem sie trainieren k\u00f6nnen, und \u00f6ffnet gleichzeitig die T\u00fcren f\u00fcr nationale Wettk\u00e4mpfe, so dass sie das Majorero-Gebiet als idealen Ort f\u00fcr die Austragung dieser Sportereignisse betrachten\u201c.  <\/p>\n<p>Der Stadtrat f\u00fcr Sport, Luis Gonz\u00e1lez, hob seinerseits den historischen Meilenstein hervor, dass zum ersten Mal eine absolute nationale Leichtathletikmeisterschaft auf Fuerteventura stattfand. Es ist wichtig, so der Stadtrat weiter, &#8222;die Verpflichtung hervorzuheben, die das Cabildo damals in Abstimmung mit dem Stadtrat von La Oliva eingegangen ist, um ein Leichtathletikzentrum im Norden der Insel zu errichten. Eine strategische und erstklassige Infrastruktur, die dazu gedient hat, gro\u00dfe Sportveranstaltungen anzuziehen. &#8222;Sie erm\u00f6glicht nicht nur die Entwicklung unserer Majorero-Athleten, sondern auch die Nutzung von M\u00f6glichkeiten, wie sie jetzt vom spanischen Leichtathletikverband angeboten werden&#8220;.  <\/p>\n<p>Der Stadtrat f\u00fcr Sport, Gleiber Carre\u00f1o, sagte: \u201eF\u00fcr das Rathaus und insbesondere f\u00fcr den Stadtrat sind wir stolz darauf, dass La Oliva diese ersten spanischen Leichtathletikmeisterschaften in der Geschichte unserer Insel ausrichtet. Dieses Ereignis best\u00e4rkt uns zweifellos in unserem Willen, die F\u00f6rderung des Sporttourismus in der Gemeinde fortzusetzen, eine Kombination von entscheidender Bedeutung, an der wir seit Beginn der Legislaturperiode gearbeitet haben. Wir m\u00f6chten uns auch beim Cabildo Insular f\u00fcr die Zusammenarbeit bei der Ausf\u00fchrung und Verbesserung der Infrastruktur des Zentrums bedanken, denn die Qualit\u00e4t und der Service dieser Einrichtungen machen es erst m\u00f6glich, dieses nationale Ereignis auf Fuerteventura abzuhalten\u201c.<\/p>\n<p>Der Pr\u00e4sident des Kanarischen Leichtathletik-Verbandes und Vorstandsmitglied des Spanischen Leichtathletik-Verbandes, Pablo de los Santos, sagte abschlie\u00dfend: &#8222;Dies ist eine Chance f\u00fcr den kanarischen Sport und insbesondere f\u00fcr die Insel Fuerteventura, denn seit 2008 haben wir keine Spanischen Meisterschaften mehr auf den Kanarischen Inseln ausgetragen, und nun werden sie in diesen wunderbaren Einrichtungen stattfinden, die in diesem Jahr mit einer Kanarischen Meisterschaft eingeweiht wurden. Dies ist zweifellos der kr\u00f6nende Abschluss eines spektakul\u00e4ren Jahres f\u00fcr den K\u00f6niglichen Spanischen Leichtathletikverband. Wir m\u00f6chten auch den Beh\u00f6rden, der Stadtverwaltung und dem Rathaus von La Oliva f\u00fcr alles danken, was sie getan haben und weiterhin tun, und vor allem daf\u00fcr, dass sie uns zu dieser Veranstaltung willkommen hei\u00dfen, die an diesem Wochenende stattfinden wird und an der die besten nationalen Athleten in den Mehrk\u00e4mpfen teilnehmen werden. Einige der Athleten, die ihre Teilnahme an der Veranstaltung best\u00e4tigt haben, wollen in diesem Jahr in Tokio antreten, so dass es ein Wochenende mit einem guten Wettbewerb zwischen den Athleten sein wird.<\/p>\n","protected":false},"excerpt":{"rendered":"<p><span>Die Gemeinde La Oliva ist Gastgeber der ersten spanischen Leichtathletikmeisterschaften auf der Insel<\/span><\/p>\n","protected":false},"author":1,"featured_media":4370,"comment_status":"open","ping_status":"open","sticky":false,"template":"","format":"standard","meta":{"inline_featured_image":false,"jnews-multi-image_gallery":[],"jnews_single_post":[],"jnews_primary_category":[],"jnews_social_meta":[],"jnews_override_counter":[],"jnews_post_split":[],"footnotes":""},"categories":[291],"tags":[216,343],"class_list":["post-4373","post","type-post","status-publish","format-standard","has-post-thumbnail","hentry","category-la-oliva-de","tag-fuerteventura-de","tag-sport-de"],"jetpack_featured_media_url":"https:\/\/informacionlocal.es\/wp-content\/uploads\/2025\/05\/5201_27fd32bd.png","_links":{"self":[{"href":"https:\/\/informacionlocal.es\/de\/wp-json\/wp\/v2\/posts\/4373","targetHints":{"allow":["GET"]}}],"collection":[{"href":"https:\/\/informacionlocal.es\/de\/wp-json\/wp\/v2\/posts"}],"about":[{"href":"https:\/\/informacionlocal.es\/de\/wp-json\/wp\/v2\/types\/post"}],"author":[{"embeddable":true,"href":"https:\/\/informacionlocal.es\/de\/wp-json\/wp\/v2\/users\/1"}],"replies":[{"embeddable":true,"href":"https:\/\/informacionlocal.es\/de\/wp-json\/wp\/v2\/comments?post=4373"}],"version-history":[{"count":0,"href":"https:\/\/informacionlocal.es\/de\/wp-json\/wp\/v2\/posts\/4373\/revisions"}],"wp:featuredmedia":[{"embeddable":true,"href":"https:\/\/informacionlocal.es\/de\/wp-json\/wp\/v2\/media\/4370"}],"wp:attachment":[{"href":"https:\/\/informacionlocal.es\/de\/wp-json\/wp\/v2\/media?parent=4373"}],"wp:term":[{"taxonomy":"category","embeddable":true,"href":"https:\/\/informacionlocal.es\/de\/wp-json\/wp\/v2\/categories?post=4373"},{"taxonomy":"post_tag","embeddable":true,"href":"https:\/\/informacionlocal.es\/de\/wp-json\/wp\/v2\/tags?post=4373"}],"curies":[{"name":"wp","href":"https:\/\/api.w.org\/{rel}","templated":true}]}}