{"id":4349,"date":"2025-05-26T11:03:21","date_gmt":"2025-05-26T11:03:21","guid":{"rendered":"https:\/\/informacionlocal.es\/die-neunte-auflage-des-tanquito-runners-race-bricht-rekorde-und-bringt-mehr-als-300-laeufer-in-cardon-zusammen\/"},"modified":"2025-05-26T11:03:21","modified_gmt":"2025-05-26T11:03:21","slug":"die-neunte-auflage-des-tanquito-runners-race-bricht-rekorde-und-bringt-mehr-als-300-laeufer-in-cardon-zusammen","status":"publish","type":"post","link":"https:\/\/informacionlocal.es\/de\/die-neunte-auflage-des-tanquito-runners-race-bricht-rekorde-und-bringt-mehr-als-300-laeufer-in-cardon-zusammen\/","title":{"rendered":"Die neunte Auflage des Tanquito Runner&#8217;s Race bricht Rekorde und bringt mehr als 300 L\u00e4ufer in Card\u00f3n zusammen."},"content":{"rendered":"<div class=\"entry-content\">\n<p><b><i>Aufgeteilt in drei Distanzen, bot der Lauf L\u00e4ufern aller Leistungsstufen eine einzigartige Herausforderung in der atemberaubenden Landschaft des S\u00fcdens der Insel.  <\/i><\/b><\/p>\n<p><span>Am vergangenen Samstag, den 24. Mai, veranstaltete das Rathaus von P\u00e1jara \u00fcber das Sportamt eine neue und erfolgreiche Ausgabe des Tanquito-Laufs in Card\u00f3n, ein Lauf, der seinen Platz im Sportkalender der Insel weiter festigt. Bei dieser neunten Auflage wurde mit insgesamt 316 L\u00e4ufern eine historische Beteiligung erreicht, was einen Anstieg von 68 Teilnehmern im Vergleich zum Vorjahr bedeutet.   <\/span><\/p>\n<p><span>Der Lauf bot Sport- und Naturliebhabern erneut eine anspruchsvolle und spektakul\u00e4re Strecke, die in drei Kategorien unterteilt war: Mini (7 km), Medium (10 km) und Reyna (17 km). Die Teilnehmer testeten ihre Grenzen in einer einzigartigen nat\u00fcrlichen Umgebung und liefen durch einige der beeindruckendsten Landschaften im S\u00fcden der Insel.   <\/span><\/p>\n<p><span>Der Stadtrat f\u00fcr Sport, Jos\u00e9 Benito Alonso, hebt die Atmosph\u00e4re w\u00e4hrend des Tages und den Anstieg der Teilnehmerzahlen hervor. \u201eDer Tanquito-Lauf hat sich als eines der wichtigsten Sportereignisse in der Gemeinde etabliert. Der Stadtrat unterst\u00fctzt weiterhin Veranstaltungen, die Sport f\u00fcr alle Altersgruppen bieten und die Verbindung zu unserer Umwelt st\u00e4rken\u201c, f\u00fcgt er hinzu.   <\/span><\/p>\n<p><span>Der Tag endete in einer festlichen und geselligen Atmosph\u00e4re, die das Engagement der L\u00e4uferinnen und L\u00e4ufer, der Freiwilligen und der Organisation widerspiegelt, die es erm\u00f6glichen, dass dieser Lauf Jahr f\u00fcr Jahr weiter w\u00e4chst.<\/span><\/p>\n<\/div>\n","protected":false},"excerpt":{"rendered":"<p><i>Aufgeteilt in drei Distanzen, bot der Lauf L\u00e4ufern aller Leistungsstufen eine einzigartige Herausforderung in der atemberaubenden Landschaft des S\u00fcdens der Insel.  <\/i><\/p>\n","protected":false},"author":1,"featured_media":4346,"comment_status":"open","ping_status":"open","sticky":false,"template":"","format":"standard","meta":{"inline_featured_image":false,"jnews-multi-image_gallery":[],"jnews_single_post":[],"jnews_primary_category":[],"jnews_social_meta":[],"jnews_override_counter":[],"jnews_post_split":[],"footnotes":""},"categories":[297],"tags":[303],"class_list":["post-4349","post","type-post","status-publish","format-standard","has-post-thumbnail","hentry","category-pajara-de","tag-eventos-de"],"jetpack_featured_media_url":"https:\/\/informacionlocal.es\/wp-content\/uploads\/2025\/05\/whatsapp-image-2025-05-25-at-18-59-53-scaled-e1748255242100.jpeg","_links":{"self":[{"href":"https:\/\/informacionlocal.es\/de\/wp-json\/wp\/v2\/posts\/4349","targetHints":{"allow":["GET"]}}],"collection":[{"href":"https:\/\/informacionlocal.es\/de\/wp-json\/wp\/v2\/posts"}],"about":[{"href":"https:\/\/informacionlocal.es\/de\/wp-json\/wp\/v2\/types\/post"}],"author":[{"embeddable":true,"href":"https:\/\/informacionlocal.es\/de\/wp-json\/wp\/v2\/users\/1"}],"replies":[{"embeddable":true,"href":"https:\/\/informacionlocal.es\/de\/wp-json\/wp\/v2\/comments?post=4349"}],"version-history":[{"count":0,"href":"https:\/\/informacionlocal.es\/de\/wp-json\/wp\/v2\/posts\/4349\/revisions"}],"wp:featuredmedia":[{"embeddable":true,"href":"https:\/\/informacionlocal.es\/de\/wp-json\/wp\/v2\/media\/4346"}],"wp:attachment":[{"href":"https:\/\/informacionlocal.es\/de\/wp-json\/wp\/v2\/media?parent=4349"}],"wp:term":[{"taxonomy":"category","embeddable":true,"href":"https:\/\/informacionlocal.es\/de\/wp-json\/wp\/v2\/categories?post=4349"},{"taxonomy":"post_tag","embeddable":true,"href":"https:\/\/informacionlocal.es\/de\/wp-json\/wp\/v2\/tags?post=4349"}],"curies":[{"name":"wp","href":"https:\/\/api.w.org\/{rel}","templated":true}]}}