{"id":4337,"date":"2025-05-24T22:22:33","date_gmt":"2025-05-24T22:22:33","guid":{"rendered":"https:\/\/informacionlocal.es\/fuerteautor-2025-unverwechselbare-musik-km-0-gastronomie-und-solidaritaet-in-den-kalkoefen-von-el-charco-in-puerto-del-rosario\/"},"modified":"2025-05-24T22:22:33","modified_gmt":"2025-05-24T22:22:33","slug":"fuerteautor-2025-unverwechselbare-musik-km-0-gastronomie-und-solidaritaet-in-den-kalkoefen-von-el-charco-in-puerto-del-rosario","status":"publish","type":"post","link":"https:\/\/informacionlocal.es\/de\/fuerteautor-2025-unverwechselbare-musik-km-0-gastronomie-und-solidaritaet-in-den-kalkoefen-von-el-charco-in-puerto-del-rosario\/","title":{"rendered":"FuerteAutor 2025: unverwechselbare Musik, KM-0-Gastronomie und Solidarit\u00e4t in den Kalk\u00f6fen von El Charco in Puerto del Rosario."},"content":{"rendered":"<div class=\"entry-content\">\n<p><strong><em>Die Musikreihe wird am 7. Juni mit einer zweiten, ehrgeizigeren Ausgabe an einem neuen Veranstaltungsort am Meer und mit einem Programm mit Tu Otra Bonita, Marta Soto, Querido und Luis Quintana fortgesetzt.<\/em><\/strong><\/p>\n<p>Nach dem durchschlagenden Erfolg der ersten Ausgabe im Jahr 2023, die K\u00fcnstler wie Marw\u00e1n, Silo\u00e9, D\u00e1cil Santana aus Gran Canaria und Julia Rodr\u00edguez aus Mallorca zusammenbrachte, kehrt das Festival <strong>FuerteAutor<\/strong> 2025 mit neuer Kraft und einem Angebot zur\u00fcck, das an Qualit\u00e4t, sozialem Engagement und kultureller Ausstrahlung gewinnt.<\/p>\n<p>Die Veranstaltung findet am <strong>Samstag, dem 7. Juni<\/strong>, an einem neuen und privilegierten Ort statt: <strong>dem Interpretationszentrum der Kalk\u00f6fen in Puerto del Rosario<\/strong>, einem gro\u00dfen Raum, der zum Meer hin offen ist und eine gr\u00f6\u00dfere Kapazit\u00e4t aufweist, um ein immer treueres Publikum zu empfangen. Dieser Wechsel verbessert nicht nur die logistischen und akustischen Bedingungen der Veranstaltung, sondern bringt das Festival auch an einen der repr\u00e4sentativsten Orte des kulturellen Erbes der Hauptstadt Mallorcas. <\/p>\n<p>Das von der <strong>Stadtverwaltung von Puerto del Rosario<\/strong> \u00fcber das <strong>Kulturamt <\/strong>organisierte FuerteAutor ist ein Zyklus der <strong>Unterhaltungs- und Autorenmusik<\/strong>, bei dem das Wort, die Emotion und die N\u00e4he die Hauptrolle spielen. Ein Engagement, das die Hauptstadt als kulturelle und touristische Referenz auf der Insel positioniert, mit einem Festivalmodell, das Talent, Landschaft und lokale Produkte sch\u00e4tzt. <\/p>\n<p>Angef\u00fchrt wird das Line-up dieser zweiten Ausgabe von der Gruppe <strong>Tu Otra Bonita<\/strong>, die dank ihrer einzigartigen Mischung aus Indie, Flamenco, Rumba und lebhaftem Pop zu den am wenigsten klassifizierbaren Bands der aktuellen Musikszene z\u00e4hlt. Mit Liedern wie <em>Alegr\u00eda de vivir<\/em>, das mit Gold ausgezeichnet wurde und die Hymne einer bekannten Fernsehkampagne war, oder <em>Alitas de mar<\/em> mit Juanito Makand\u00e9 verspricht die Band aus Madrid eine Live-Show voller Energie und Emotionen. <\/p>\n<p>Ihr folgt <strong>Marta Soto<\/strong>, eine Referenz unter den neuen Singer-Songwritern in Spanien. Die in Huelva geborene K\u00fcnstlerin kommt mitten in der Tournee ihrer neuesten EP <em>Paso a Paso<\/em> nach Fuerteventura, einem Werk, in dem sie mit der ihr eigenen Sensibilit\u00e4t verschiedene Phasen der Liebe und des Lebens Revue passieren l\u00e4sst. Mit Hits wie <em>Dir\u00e1s<\/em>, <em>Entre otros cien<\/em> und <em>Quiero verte<\/em> wird ihr Auftritt eine Einladung sein, vom Alltagsl\u00e4rm abzuschalten und in eine emotionale Reise einzutauchen.  <\/p>\n<p>Das Publikum wird auch die aufstrebenden Talente von <strong>Querido<\/strong> erleben k\u00f6nnen, der Band von Andr\u00e9s Ferreiro &#8211; Sohn des legend\u00e4ren Iv\u00e1n Ferreiro -, die mit nur einem Album auf dem Markt bereits die Aufmerksamkeit von Kritikern und Publikum gleicherma\u00dfen auf sich gezogen hat, dank ihrer tiefgr\u00fcndigen Texte und ihres Sounds zwischen Alternative Pop und Introspektion. Den Abschluss des Programms bildet der Singer-Songwriter <strong>Luis Quintana<\/strong>, eine feste Gr\u00f6\u00dfe in der kanarischen und nationalen Szene mit mehr als 30 Jahren Erfahrung und einer Stimme, die die Weisheit der Erfahrung mit einer Sensibilit\u00e4t verbindet, die das Publikum vom ersten Akkord an mitrei\u00dft. <\/p>\n<p>Neben dem musikalischen Angebot bietet FuerteAutor 2025 in diesem Jahr auch <strong>einen wichtigen Aspekt der Solidarit\u00e4t<\/strong>: Alle Einnahmen aus der Bar der Veranstaltung gehen an den <strong>Verein ASOMASAMEN<\/strong>, in Anerkennung seiner unerm\u00fcdlichen Arbeit im Bereich der psychischen Gesundheit auf Fuerteventura. Eine Entscheidung, die den engagierten und transformativen Charakter des Festivals unterstreicht. <\/p>\n<p>Abgerundet wird das Erlebnis durch einen <strong>KM-0-Gastronomiebereich<\/strong>, in dem der renommierte Majorero-Koch <strong>Yarely P\u00e9rez Vera<\/strong> vom Restaurant <em>La Puipana<\/em> in Puerto del Rosario Gerichte aus lokalen Produkten anbietet, die den Geschmack der Insel und ihrer lokalen K\u00fcche hervorheben.<\/p>\n<p>Und f\u00fcr diejenigen, die ihr musikalisches und gastronomisches Erlebnis mit einem Trinkspruch begleiten m\u00f6chten, wird es auch eine <strong>Weinbar<\/strong> geben, die eine sorgf\u00e4ltige Auswahl der <strong>besten Weine Fuerteventuras und der \u00fcbrigen Kanarischen Inseln<\/strong> anbietet und so eine perfekte Verbindung mit dem kulinarischen Angebot und dem feierlichen Geist dieser Ausgabe schafft.<\/p>\n<p>Die <strong>FuerteAutor 2025<\/strong> ist kostenlos und f\u00fcr alle Besucher offen. Live-Musik, kulinarische Spezialit\u00e4ten, soziales Bewusstsein und eine privilegierte Lage am Meer machen die Hauptstadt der Kanarischen Inseln bei dieser zweiten Auflage zum Epizentrum der kanarischen Musik. <\/p>\n<\/div>\n","protected":false},"excerpt":{"rendered":"<p>Die Musikreihe wird am 7. Juni mit einer zweiten, ehrgeizigeren Ausgabe an einem neuen Veranstaltungsort am Meer und mit einem Programm mit Tu Otra Bonita, Marta Soto, Querido und Luis [&hellip;]<\/p>\n","protected":false},"author":1,"featured_media":4334,"comment_status":"open","ping_status":"open","sticky":false,"template":"","format":"standard","meta":{"inline_featured_image":false,"jnews-multi-image_gallery":[],"jnews_single_post":[],"jnews_primary_category":[],"jnews_social_meta":[],"jnews_override_counter":[],"jnews_post_split":[],"footnotes":""},"categories":[293],"tags":[216],"class_list":["post-4337","post","type-post","status-publish","format-standard","has-post-thumbnail","hentry","category-puerto-del-rosario-de","tag-fuerteventura-de"],"jetpack_featured_media_url":"https:\/\/informacionlocal.es\/wp-content\/uploads\/2025\/05\/fuerte-autor-cartel-rrss.jpg","_links":{"self":[{"href":"https:\/\/informacionlocal.es\/de\/wp-json\/wp\/v2\/posts\/4337","targetHints":{"allow":["GET"]}}],"collection":[{"href":"https:\/\/informacionlocal.es\/de\/wp-json\/wp\/v2\/posts"}],"about":[{"href":"https:\/\/informacionlocal.es\/de\/wp-json\/wp\/v2\/types\/post"}],"author":[{"embeddable":true,"href":"https:\/\/informacionlocal.es\/de\/wp-json\/wp\/v2\/users\/1"}],"replies":[{"embeddable":true,"href":"https:\/\/informacionlocal.es\/de\/wp-json\/wp\/v2\/comments?post=4337"}],"version-history":[{"count":0,"href":"https:\/\/informacionlocal.es\/de\/wp-json\/wp\/v2\/posts\/4337\/revisions"}],"wp:featuredmedia":[{"embeddable":true,"href":"https:\/\/informacionlocal.es\/de\/wp-json\/wp\/v2\/media\/4334"}],"wp:attachment":[{"href":"https:\/\/informacionlocal.es\/de\/wp-json\/wp\/v2\/media?parent=4337"}],"wp:term":[{"taxonomy":"category","embeddable":true,"href":"https:\/\/informacionlocal.es\/de\/wp-json\/wp\/v2\/categories?post=4337"},{"taxonomy":"post_tag","embeddable":true,"href":"https:\/\/informacionlocal.es\/de\/wp-json\/wp\/v2\/tags?post=4337"}],"curies":[{"name":"wp","href":"https:\/\/api.w.org\/{rel}","templated":true}]}}