{"id":4262,"date":"2025-05-24T10:25:19","date_gmt":"2025-05-24T10:25:19","guid":{"rendered":"https:\/\/informacionlocal.es\/xiii-barcelo-caleta-de-fuste-barcelo-mile-rekord-von-momenten-und-emotionen\/"},"modified":"2025-05-24T10:25:19","modified_gmt":"2025-05-24T10:25:19","slug":"xiii-barcelo-caleta-de-fuste-barcelo-mile-rekord-von-momenten-und-emotionen","status":"publish","type":"post","link":"https:\/\/informacionlocal.es\/de\/xiii-barcelo-caleta-de-fuste-barcelo-mile-rekord-von-momenten-und-emotionen\/","title":{"rendered":"XIII Barcel\u00f3 Caleta de Fuste Barcel\u00f3 Mile Rekord von Momenten und Emotionen"},"content":{"rendered":"<div class=\"elementor-widget-container\">\n<p><strong>XIII Barcel\u00f3 Caleta de Fuste Barcel\u00f3 Mile Rekord von Momenten und Emotionen<\/strong><\/p>\n<p><strong>400 Teilnehmer an der Meile Barcel\u00f3 Caleta de Fuste 2025<\/strong><\/p>\n<p><strong>&#8211; Der B\u00fcrgermeister begl\u00fcckw\u00fcnscht alle L\u00e4uferinnen und L\u00e4ufer, die das Ziel erreicht haben, die ersten und ersten Sieger, die Letzten, die das Ziel erreicht haben, und diejenigen, die alle Schwierigkeiten \u00fcberwunden haben, um unter dem Beifall des Publikums ins Ziel zu kommen.  <\/strong><br \/><strong>&#8211; Pablo Rodr\u00edguez Padilla und Eva Mar\u00eda Alonso Merino, absolute Sieger des XIII Milla Barcel\u00f3 Caleta de Fuste.<\/strong><br \/><strong>&#8211; Die Sportabteilung des Rathauses von Antigua m\u00f6chte auch in diesem Jahr die Arbeit des Leichtathletikverbands der Insel Fuerteventura, des st\u00e4dtischen Aufbau- und Vorbereitungsteams sowie der Hotelgruppe Barcel\u00f3 f\u00fcr ihr Sponsoring und die Nutzung der Einrichtungen hervorheben.<\/strong><\/p>\n<p>Die dreizehnte Auflage der Barcel\u00f3 Caleta de Fuste Barcel\u00f3 Mile hat mit 400 Teilnehmern einen neuen Teilnehmerrekord aufgestellt, aber diese Meile zeichnet sich laut B\u00fcrgermeister Mat\u00edas Pe\u00f1a durch die aufregenden Momente der \u00dcberwindung von Hindernissen durch die Teilnehmer und die Unterst\u00fctzung durch die \u00d6ffentlichkeit aus.<\/p>\n<p>Diese Ausgabe hatte auch einen luxuri\u00f6sen Sponsor, sagt der Stadtrat f\u00fcr Sport, Samuel Torres, der aktuelle Kanaren Trail Champion, Jos\u00e9 Hern\u00e1ndez Ojeda, der alle L\u00e4ufer von den Momenten vor dem Start bis zum Ziel begleitet, ermutigt und beraten hat. Der Stadtrat hebt auch die erstmalige Teilnahme des Vereins Tesjuate Physical Maintenance hervor, die alle \u00fcber 60 Jahre alt waren, was die Vorteile des Sports sowohl in k\u00f6rperlicher als auch in geistiger Hinsicht demonstriert, und f\u00fcgt Samuel Torres hinzu, wie jedes Jahr unsere gro\u00dfartige und verb\u00fcndete lokale Athletin, Teresa Ojeda, beweist. <\/p>\n<p>Die Sportabteilung des Rathauses von Antigua m\u00f6chte auch in diesem Jahr die Arbeit des Leichtathletikverbands der Insel Fuerteventura, des st\u00e4dtischen Aufbau- und Vorbereitungsteams sowie der Hotelgruppe Barcel\u00f3 f\u00fcr ihr Sponsoring und die Nutzung der Einrichtungen hervorheben.<\/p>\n<p>Gesamtsieger der XIII Barcel\u00f3 Caleta de Fuste Barcel\u00f3 Mile, Pablo Rodr\u00edguez Padilla, gefolgt von Ismail El Harchi Chajra auf dem zweiten und Samu Lari\u00f1o auf dem dritten Platz.<br \/>Gesamtsiegerin der XIII Barcel\u00f3 Caleta de Fuste Barcel\u00f3 Mile, Eva Mar\u00eda Alonso Merino, gefolgt von Mar\u00eda Fraile Garc\u00eda auf dem zweiten und Luc\u00eda Rodr\u00edguez Gonz\u00e1lez auf dem dritten Platz.<\/p>\n<\/div>\n","protected":false},"excerpt":{"rendered":"<p><strong>XIII Barcel\u00f3 Caleta de Fuste Barcel\u00f3 Mile Rekord von Momenten und Emotionen<\/strong><\/p>\n","protected":false},"author":1,"featured_media":4258,"comment_status":"open","ping_status":"open","sticky":false,"template":"","format":"standard","meta":{"inline_featured_image":false,"jnews-multi-image_gallery":[],"jnews_single_post":[],"jnews_primary_category":[],"jnews_social_meta":[],"jnews_override_counter":[],"jnews_post_split":[],"footnotes":""},"categories":[283],"tags":[216],"class_list":["post-4262","post","type-post","status-publish","format-standard","has-post-thumbnail","hentry","category-antigua-de","tag-fuerteventura-de"],"jetpack_featured_media_url":"https:\/\/informacionlocal.es\/wp-content\/uploads\/2025\/05\/00-xiii-milla-barcelo-caleta-de-fuste-record-de-momentos-y-emociones-12-scaled-1.jpg","_links":{"self":[{"href":"https:\/\/informacionlocal.es\/de\/wp-json\/wp\/v2\/posts\/4262","targetHints":{"allow":["GET"]}}],"collection":[{"href":"https:\/\/informacionlocal.es\/de\/wp-json\/wp\/v2\/posts"}],"about":[{"href":"https:\/\/informacionlocal.es\/de\/wp-json\/wp\/v2\/types\/post"}],"author":[{"embeddable":true,"href":"https:\/\/informacionlocal.es\/de\/wp-json\/wp\/v2\/users\/1"}],"replies":[{"embeddable":true,"href":"https:\/\/informacionlocal.es\/de\/wp-json\/wp\/v2\/comments?post=4262"}],"version-history":[{"count":0,"href":"https:\/\/informacionlocal.es\/de\/wp-json\/wp\/v2\/posts\/4262\/revisions"}],"wp:featuredmedia":[{"embeddable":true,"href":"https:\/\/informacionlocal.es\/de\/wp-json\/wp\/v2\/media\/4258"}],"wp:attachment":[{"href":"https:\/\/informacionlocal.es\/de\/wp-json\/wp\/v2\/media?parent=4262"}],"wp:term":[{"taxonomy":"category","embeddable":true,"href":"https:\/\/informacionlocal.es\/de\/wp-json\/wp\/v2\/categories?post=4262"},{"taxonomy":"post_tag","embeddable":true,"href":"https:\/\/informacionlocal.es\/de\/wp-json\/wp\/v2\/tags?post=4262"}],"curies":[{"name":"wp","href":"https:\/\/api.w.org\/{rel}","templated":true}]}}