{"id":4250,"date":"2025-05-24T09:28:47","date_gmt":"2025-05-24T09:28:47","guid":{"rendered":"https:\/\/informacionlocal.es\/pajara-startet-seine-jaehrliche-kampagne-zur-tollwutimpfung-und-kennzeichnung-von-haustieren\/"},"modified":"2025-05-24T09:28:47","modified_gmt":"2025-05-24T09:28:47","slug":"pajara-startet-seine-jaehrliche-kampagne-zur-tollwutimpfung-und-kennzeichnung-von-haustieren","status":"publish","type":"post","link":"https:\/\/informacionlocal.es\/de\/pajara-startet-seine-jaehrliche-kampagne-zur-tollwutimpfung-und-kennzeichnung-von-haustieren\/","title":{"rendered":"P\u00e1jara startet seine j\u00e4hrliche Kampagne zur Tollwutimpfung und Kennzeichnung von Haustieren"},"content":{"rendered":"<div class=\"entry-content\">\n<p><b><i>Die Initiative findet vom 28. Mai bis 13. Juni in verschiedenen Kultur- und Sportzentren der Gemeinde statt.<\/i><\/b><\/p>\n<p><span>Das Rathaus von P\u00e1jara k\u00fcndigt \u00fcber das Gesundheitsamt den Beginn der j\u00e4hrlichen Kampagne zur Tollwutimpfung und Kennzeichnung von Hunden, Katzen und Frettchen an, die vom 28. Mai bis zum 13. Juni von 10.00 bis 18.30 Uhr in verschiedenen Kultur- und Sportzentren der Gemeinde stattfinden wird.  <\/span><\/p>\n<p><span>Ziel der Kampagne ist es, die verantwortungsvolle Haltung von Tieren zu f\u00f6rdern und den Schutz von Haustieren und der \u00f6ffentlichen Gesundheit zu gew\u00e4hrleisten. Im Rahmen dieser Initiative werden Tollwutimpfungen und die Implantation von Mikrochips bei Hunden ab einem Alter von drei Monaten angeboten, wodurch auch die st\u00e4dtische Hundez\u00e4hlung entsprechend den geltenden Vorschriften aktualisiert werden kann.   <\/span><\/p>\n<p><span>Die Stadtr\u00e4tin f\u00fcr Gesundheit und \u00f6ffentliches Gesundheitswesen, \u00c1ngeles Acosta, unterstreicht die Bedeutung dieser Aktion und weist darauf hin, dass \u201ees sich um eine Gelegenheit handelt, die von den Verantwortlichen f\u00fcr Haustiere nicht verpasst werden sollte, da sie die Einhaltung ihrer gesetzlichen Verpflichtungen erleichtert und zum Tierschutz in unserer Gemeinde beitr\u00e4gt\u201c. Sie erinnert auch daran, dass die Tiere ihre Z\u00e4hlungskennzeichnung st\u00e4ndig bei sich tragen m\u00fcssen.   <\/span><\/p>\n<p><span>Der B\u00fcrgermeister von P\u00e1jara, Alejandro Jorge, betont seinerseits, dass \u201ePr\u00e4vention durch Impfung nicht nur unsere Haustiere sch\u00fctzt, sondern auch die gesamte Gemeinde. Diese Kampagne ist ein weiteres Beispiel f\u00fcr das starke Engagement des Rathauses f\u00fcr die Tierpflege und die \u00f6ffentliche Gesundheit\u201c.  <\/span><\/p>\n<p><span>Die Zentren der Gemeinde, in denen diese Kampagne stattfinden wird, sind die Sporthalle von Toto am 28. Mai; der Fu\u00dfballplatz von P\u00e1jara am 29. Mai; der Fu\u00dfballplatz von La Pared am 2. Juni; das Kulturzentrum von El Card\u00f3n am 2. Juni, in diesem Fall von 15:00 bis 18:30 Uhr; der Ringerplatz von La Lajita am 5. Juni; der Fu\u00dfballplatz von Costa Calma am 6. Juni; der Ringerplatz von Morro Jable am 12. und 13. Juni.  <\/span><\/p>\n<p><span>Die Zahlungen f\u00fcr diese Kampagne erfolgen in bar und die Preise liegen zwischen 6 Euro f\u00fcr die Erstimpfung, 6 Euro f\u00fcr die Auffrischungsimpfung und 20 Euro f\u00fcr die Kennzeichnung.<\/span><\/p>\n<p><img fetchpriority=\"high\" decoding=\"async\" class=\"alignnone size-medium wp-image-20321\" src=\"https:\/\/informacionlocal.es\/wp-content\/uploads\/2025\/05\/cartel-vacunacion-2025-salud-publica-definitivo-1-300x212-1.png\" width=\"300\" height=\"212\" title=\"cartel-vacunacion-2025-salud-publica-definitivo-1-300x212-1\"><\/p>\n<\/div>\n","protected":false},"excerpt":{"rendered":"<p><i>Die Initiative findet vom 28. Mai bis 13. Juni in verschiedenen Kultur- und Sportzentren der Gemeinde statt.<\/i><\/p>\n","protected":false},"author":1,"featured_media":4242,"comment_status":"open","ping_status":"open","sticky":false,"template":"","format":"standard","meta":{"inline_featured_image":false,"jnews-multi-image_gallery":[],"jnews_single_post":[],"jnews_primary_category":[],"jnews_social_meta":[],"jnews_override_counter":[],"jnews_post_split":[],"footnotes":""},"categories":[297],"tags":[277],"class_list":["post-4250","post","type-post","status-publish","format-standard","has-post-thumbnail","hentry","category-pajara-de","tag-gesundheit"],"jetpack_featured_media_url":"https:\/\/informacionlocal.es\/wp-content\/uploads\/2025\/05\/cartel-vacunacion-2025-salud-publica-definitivo-1.png","_links":{"self":[{"href":"https:\/\/informacionlocal.es\/de\/wp-json\/wp\/v2\/posts\/4250","targetHints":{"allow":["GET"]}}],"collection":[{"href":"https:\/\/informacionlocal.es\/de\/wp-json\/wp\/v2\/posts"}],"about":[{"href":"https:\/\/informacionlocal.es\/de\/wp-json\/wp\/v2\/types\/post"}],"author":[{"embeddable":true,"href":"https:\/\/informacionlocal.es\/de\/wp-json\/wp\/v2\/users\/1"}],"replies":[{"embeddable":true,"href":"https:\/\/informacionlocal.es\/de\/wp-json\/wp\/v2\/comments?post=4250"}],"version-history":[{"count":0,"href":"https:\/\/informacionlocal.es\/de\/wp-json\/wp\/v2\/posts\/4250\/revisions"}],"wp:featuredmedia":[{"embeddable":true,"href":"https:\/\/informacionlocal.es\/de\/wp-json\/wp\/v2\/media\/4242"}],"wp:attachment":[{"href":"https:\/\/informacionlocal.es\/de\/wp-json\/wp\/v2\/media?parent=4250"}],"wp:term":[{"taxonomy":"category","embeddable":true,"href":"https:\/\/informacionlocal.es\/de\/wp-json\/wp\/v2\/categories?post=4250"},{"taxonomy":"post_tag","embeddable":true,"href":"https:\/\/informacionlocal.es\/de\/wp-json\/wp\/v2\/tags?post=4250"}],"curies":[{"name":"wp","href":"https:\/\/api.w.org\/{rel}","templated":true}]}}