{"id":4209,"date":"2025-05-23T11:23:10","date_gmt":"2025-05-23T11:23:10","guid":{"rendered":"https:\/\/informacionlocal.es\/antigua-beglueckwuenscht-den-zusammenschluss-und-die-integration-der-italienisch-kanarischen-unternehmensverbaende-in-fedasur\/"},"modified":"2025-05-23T11:23:10","modified_gmt":"2025-05-23T11:23:10","slug":"antigua-beglueckwuenscht-den-zusammenschluss-und-die-integration-der-italienisch-kanarischen-unternehmensverbaende-in-fedasur","status":"publish","type":"post","link":"https:\/\/informacionlocal.es\/de\/antigua-beglueckwuenscht-den-zusammenschluss-und-die-integration-der-italienisch-kanarischen-unternehmensverbaende-in-fedasur\/","title":{"rendered":"Antigua begl\u00fcckw\u00fcnscht den Zusammenschluss und die Integration der italienisch-kanarischen Unternehmensverb\u00e4nde in Fedasur"},"content":{"rendered":"<div class=\"elementor-widget-container\">\n<p>Antigua begl\u00fcckw\u00fcnscht den Zusammenschluss und die Integration der italienisch-kanarischen Unternehmensverb\u00e4nde in Fedasur<\/p>\n<p>&#8211; Der B\u00fcrgermeister Mat\u00edas Pe\u00f1a begl\u00fcckw\u00fcnscht die Unternehmensverb\u00e4nde zu ihrem Zusammenschluss in der F\u00f6deration der Kanarischen Verb\u00e4nde des S\u00fcdatlantiks.<\/p>\n<p>Wir haben dem B\u00fcrgermeister von Antigua das Ziel angek\u00fcndigt, uns zu vereinen, und jetzt k\u00f6nnen wir verk\u00fcnden, dass das Ziel erreicht wurde, sagt der Wirtschaftsvertreter Adamo Costella, jetzt sind wir st\u00e4rker und er hat uns an seiner Seite f\u00fcr die Entwicklung und F\u00f6rderung der Gemeinde.<\/p>\n<p>Am Donnerstag, den 22. Mai, unterzeichneten in den S\u00e4len des Hotels Ereza Mar in Caleta de Fuste, wie einige Tage zuvor dem B\u00fcrgermeister von Antigua, Mat\u00edas Pe\u00f1a Garc\u00eda, angek\u00fcndigt, die Vertreter von sechs Unternehmensverb\u00e4nden, die der Vereinigung Italo Canarian Business Alliance unter dem Vorsitz von Simona Fogado angeh\u00f6ren, ihre Aufnahme in die F\u00f6deration der Verb\u00e4nde der Kanarischen Inseln des S\u00fcdatlantiks, FEDASUR.<\/p>\n<p>Der B\u00fcrgermeister begl\u00fcckw\u00fcnscht die italienischen Wirtschaftsverb\u00e4nde, die in Antigua, Caleta de Fuste und den anderen Ortschaften vertreten sind, zu ihrer gemeinsamen Arbeit, die es ihnen erm\u00f6glicht, ihre Kr\u00e4fte und Kriterien zu b\u00fcndeln, um die Entwicklung der Wirtschaft zu f\u00f6rdern und zu verbessern, und schlie\u00dft Mat\u00edas Pe\u00f1a, was wiederum f\u00fcr die Entwicklung der Gemeinde selbst von Vorteil und notwendig ist.<\/p>\n<\/div>\n","protected":false},"excerpt":{"rendered":"<p>Antigua begl\u00fcckw\u00fcnscht den Zusammenschluss und die Integration der italienisch-kanarischen Unternehmensverb\u00e4nde in Fedasur &#8211; Der B\u00fcrgermeister Mat\u00edas Pe\u00f1a begl\u00fcckw\u00fcnscht die Unternehmensverb\u00e4nde zu ihrem Zusammenschluss in der F\u00f6deration der Kanarischen Verb\u00e4nde des [&hellip;]<\/p>\n","protected":false},"author":1,"featured_media":4206,"comment_status":"open","ping_status":"open","sticky":false,"template":"","format":"standard","meta":{"inline_featured_image":false,"jnews-multi-image_gallery":[],"jnews_single_post":[],"jnews_primary_category":[],"jnews_social_meta":[],"jnews_override_counter":[],"jnews_post_split":[],"footnotes":""},"categories":[283],"tags":[213],"class_list":["post-4209","post","type-post","status-publish","format-standard","has-post-thumbnail","hentry","category-antigua-de","tag-integration-de"],"jetpack_featured_media_url":"https:\/\/informacionlocal.es\/wp-content\/uploads\/2025\/05\/antigua-felicita-la-union-e-integracion-de-las-asociaciones-empresariales-italo-canarias-en-fedasur.jpg","_links":{"self":[{"href":"https:\/\/informacionlocal.es\/de\/wp-json\/wp\/v2\/posts\/4209","targetHints":{"allow":["GET"]}}],"collection":[{"href":"https:\/\/informacionlocal.es\/de\/wp-json\/wp\/v2\/posts"}],"about":[{"href":"https:\/\/informacionlocal.es\/de\/wp-json\/wp\/v2\/types\/post"}],"author":[{"embeddable":true,"href":"https:\/\/informacionlocal.es\/de\/wp-json\/wp\/v2\/users\/1"}],"replies":[{"embeddable":true,"href":"https:\/\/informacionlocal.es\/de\/wp-json\/wp\/v2\/comments?post=4209"}],"version-history":[{"count":0,"href":"https:\/\/informacionlocal.es\/de\/wp-json\/wp\/v2\/posts\/4209\/revisions"}],"wp:featuredmedia":[{"embeddable":true,"href":"https:\/\/informacionlocal.es\/de\/wp-json\/wp\/v2\/media\/4206"}],"wp:attachment":[{"href":"https:\/\/informacionlocal.es\/de\/wp-json\/wp\/v2\/media?parent=4209"}],"wp:term":[{"taxonomy":"category","embeddable":true,"href":"https:\/\/informacionlocal.es\/de\/wp-json\/wp\/v2\/categories?post=4209"},{"taxonomy":"post_tag","embeddable":true,"href":"https:\/\/informacionlocal.es\/de\/wp-json\/wp\/v2\/tags?post=4209"}],"curies":[{"name":"wp","href":"https:\/\/api.w.org\/{rel}","templated":true}]}}