{"id":4197,"date":"2025-05-23T10:41:11","date_gmt":"2025-05-23T10:41:11","guid":{"rendered":"https:\/\/informacionlocal.es\/die-kanarischen-champions-der-jagdtour-kommen-aus-antigua\/"},"modified":"2025-05-23T10:41:11","modified_gmt":"2025-05-23T10:41:11","slug":"die-kanarischen-champions-der-jagdtour-kommen-aus-antigua","status":"publish","type":"post","link":"https:\/\/informacionlocal.es\/de\/die-kanarischen-champions-der-jagdtour-kommen-aus-antigua\/","title":{"rendered":"Die kanarischen Champions der Jagdtour kommen aus Antigua"},"content":{"rendered":"<div class=\"elementor-widget-container\">\n<p><strong>Die kanarischen Champions der Jagdtour kommen aus Antigua<\/strong><\/p>\n<p><strong>&#8211; Der B\u00fcrgermeister und der Stadtrat gratulieren dem kanarischen Meister 2025 in der Kategorie Absolute, Oliver Alberto Espinel, und dem kanarischen Meister in der Kategorie B, Antonio Jes\u00fas Pe\u00f1a Vera.<\/strong><br \/><strong>&#8211; Antigua beherbergt unter anderem den aktuellen und dreimaligen kanarischen Meister in Lucha Canaria, Uni\u00f3n Antigua, den kanarischen Meister in Trail, Jos\u00e9 Antonio Hern\u00e1ndez, und den zweimaligen kanarischen Meister in Hunting Trail, Oliver Alberto.<\/strong><\/p>\n<p>Antigua ist zu begl\u00fcckw\u00fcnschen, weil es den kanarischen Meister der Jagdtour, Oliver Alberto Espinel, beherbergt, der seinen Titel erneuert und damit seine derzeitige Position als spanischer Meister bei der Meisterschaft der Jagdtour, die vom 4. bis 6. Juli in M\u00e9rida stattfindet, verteidigt.<\/p>\n<p>Ebenfalls aus der Gemeinde Antigua stammt Antonio Jes\u00fas Pe\u00f1a Vera, der bei der Regionalmeisterschaft auf Teneriffa am vergangenen Wochenende den ersten Platz in der Kategorie B belegte.<\/p>\n<p>Die beiden spanischen Meister im Jagdparcoursschie\u00dfen wurden am Freitagmorgen, den 23. Mai, vom B\u00fcrgermeister von Antigua, Mat\u00edas Pe\u00f1a Garc\u00eda, und dem Stadtrat f\u00fcr Sport, Samuel Torres Mesa, begl\u00fcckw\u00fcnscht. Sie \u00fcberreichten ihnen eine repr\u00e4sentative Figur der Stadtverwaltung und sprachen ihnen ihren Dank und ihre Gl\u00fcckw\u00fcnsche daf\u00fcr aus, dass sie Antigua und seine Insel auf der ersten Ebene ihrer Disziplin vertreten haben.<\/p>\n<p>In der Jagd, die Technik und M\u00e4\u00dfigung, um die genaueste Schuss zu erhalten, sind die besten Sch\u00fctzen der Kanarischen Inseln aus Antigua, das Ergebnis der Ausdauer und Disziplin der beiden Sch\u00fctzen, und f\u00fcgt der Stadtrat, Samuel Torres, sind ein Beispiel f\u00fcr mehr Sportler, die Fans und ihre Leute, die sie begl\u00fcckw\u00fcnschen, sch\u00e4tzen und ermutigen sie, ihre erfolgreiche Erfolgsbilanz weiter auszubauen.<\/p>\n<p>Der Sport in Antigua feiert, wir begl\u00fcckw\u00fcnschen unsere Athleten, aber wir begl\u00fcckw\u00fcnschen sie nicht nur, sondern wir unterst\u00fctzen, subventionieren und f\u00f6rdern sie in allem, was sie auf dem Platz, auf dem Spielfeld, auf ihren Reisen, an Sportger\u00e4ten oder Ausr\u00fcstung brauchen, die Champions von Antigua z\u00e4hlen auf Antigua, sagt der B\u00fcrgermeister Matias Pe\u00f1a.<\/p>\n<\/div>\n","protected":false},"excerpt":{"rendered":"<p><strong>Die kanarischen Champions der Jagdtour kommen aus Antigua<\/strong><\/p>\n","protected":false},"author":1,"featured_media":4194,"comment_status":"open","ping_status":"open","sticky":false,"template":"","format":"standard","meta":{"inline_featured_image":false,"jnews-multi-image_gallery":[],"jnews_single_post":[],"jnews_primary_category":[],"jnews_social_meta":[],"jnews_override_counter":[],"jnews_post_split":[],"footnotes":""},"categories":[283],"tags":[],"class_list":["post-4197","post","type-post","status-publish","format-standard","has-post-thumbnail","hentry","category-antigua-de"],"jetpack_featured_media_url":"https:\/\/informacionlocal.es\/wp-content\/uploads\/2025\/05\/campeones-de-canaras-en-recorrido-de-caza-scaled-1.jpg","_links":{"self":[{"href":"https:\/\/informacionlocal.es\/de\/wp-json\/wp\/v2\/posts\/4197","targetHints":{"allow":["GET"]}}],"collection":[{"href":"https:\/\/informacionlocal.es\/de\/wp-json\/wp\/v2\/posts"}],"about":[{"href":"https:\/\/informacionlocal.es\/de\/wp-json\/wp\/v2\/types\/post"}],"author":[{"embeddable":true,"href":"https:\/\/informacionlocal.es\/de\/wp-json\/wp\/v2\/users\/1"}],"replies":[{"embeddable":true,"href":"https:\/\/informacionlocal.es\/de\/wp-json\/wp\/v2\/comments?post=4197"}],"version-history":[{"count":0,"href":"https:\/\/informacionlocal.es\/de\/wp-json\/wp\/v2\/posts\/4197\/revisions"}],"wp:featuredmedia":[{"embeddable":true,"href":"https:\/\/informacionlocal.es\/de\/wp-json\/wp\/v2\/media\/4194"}],"wp:attachment":[{"href":"https:\/\/informacionlocal.es\/de\/wp-json\/wp\/v2\/media?parent=4197"}],"wp:term":[{"taxonomy":"category","embeddable":true,"href":"https:\/\/informacionlocal.es\/de\/wp-json\/wp\/v2\/categories?post=4197"},{"taxonomy":"post_tag","embeddable":true,"href":"https:\/\/informacionlocal.es\/de\/wp-json\/wp\/v2\/tags?post=4197"}],"curies":[{"name":"wp","href":"https:\/\/api.w.org\/{rel}","templated":true}]}}