{"id":4185,"date":"2025-05-22T20:23:32","date_gmt":"2025-05-22T20:23:32","guid":{"rendered":"https:\/\/informacionlocal.es\/puerto-del-rosario-bekundet-sein-beileid-zum-tod-des-dichters-andres-gonzalez-frances\/"},"modified":"2025-05-22T20:23:32","modified_gmt":"2025-05-22T20:23:32","slug":"puerto-del-rosario-bekundet-sein-beileid-zum-tod-des-dichters-andres-gonzalez-frances","status":"publish","type":"post","link":"https:\/\/informacionlocal.es\/de\/puerto-del-rosario-bekundet-sein-beileid-zum-tod-des-dichters-andres-gonzalez-frances\/","title":{"rendered":"Puerto del Rosario bekundet sein Beileid zum Tod des Dichters Andr\u00e9s Gonz\u00e1lez Franc\u00e9s"},"content":{"rendered":"<div class=\"entry-content\">\n<div class=\"xdj266r x11i5rnm xat24cr x1mh8g0r x1vvkbs x126k92a\">\n<div dir=\"auto\">Der Stadtrat von Puerto del Rosario dr\u00fcckt sein Beileid zum Tod des Dichters Andr\u00e9s Gonz\u00e1lez Franc\u00e9s aus, der k\u00fcrzlich von dieser Institution geehrt wurde.<\/div>\n<div dir=\"auto\">Jeder Dichter ist aus der Intimit\u00e4t seiner Feder heraus universell, und seine Originalit\u00e4t ist aus der Ann\u00e4herung an jedes seiner Gedichte deutlich erkennbar. Dies ist zweifellos der Fall bei Andr\u00e9s Gonz\u00e1lez Franc\u00e9s, dem es gelungen ist, eine so pers\u00f6nliche Pr\u00e4gung wie die, die aus der Verherrlichung der Leidenschaft des Volkes entsteht, zu einer erkennbaren Art und Weise des Dichtens zu erheben, die sich nicht verstellen kann und auch nicht will. Der literarische Werdegang von Gonz\u00e1lez Franc\u00e9s zeugt davon, was durch eine ruhige Lekt\u00fcre seines Werks best\u00e4tigt werden kann. D.E.P.   <\/div>\n<\/div>\n<\/div>\n","protected":false},"excerpt":{"rendered":"<p>Der Stadtrat von Puerto del Rosario dr\u00fcckt sein Beileid zum Tod des Dichters Andr\u00e9s Gonz\u00e1lez Franc\u00e9s aus, der k\u00fcrzlich von dieser Institution geehrt wurde. Jeder Dichter ist aus der Intimit\u00e4t [&hellip;]<\/p>\n","protected":false},"author":1,"featured_media":4182,"comment_status":"open","ping_status":"open","sticky":false,"template":"","format":"standard","meta":{"inline_featured_image":false,"jnews-multi-image_gallery":[],"jnews_single_post":[],"jnews_primary_category":[],"jnews_social_meta":[],"jnews_override_counter":[],"jnews_post_split":[],"footnotes":""},"categories":[293],"tags":[],"class_list":["post-4185","post","type-post","status-publish","format-standard","has-post-thumbnail","hentry","category-puerto-del-rosario-de"],"jetpack_featured_media_url":"https:\/\/informacionlocal.es\/wp-content\/uploads\/2025\/05\/poeta-dep-andres-placa-alcalde-verdugo-scaled-1.jpg","_links":{"self":[{"href":"https:\/\/informacionlocal.es\/de\/wp-json\/wp\/v2\/posts\/4185","targetHints":{"allow":["GET"]}}],"collection":[{"href":"https:\/\/informacionlocal.es\/de\/wp-json\/wp\/v2\/posts"}],"about":[{"href":"https:\/\/informacionlocal.es\/de\/wp-json\/wp\/v2\/types\/post"}],"author":[{"embeddable":true,"href":"https:\/\/informacionlocal.es\/de\/wp-json\/wp\/v2\/users\/1"}],"replies":[{"embeddable":true,"href":"https:\/\/informacionlocal.es\/de\/wp-json\/wp\/v2\/comments?post=4185"}],"version-history":[{"count":0,"href":"https:\/\/informacionlocal.es\/de\/wp-json\/wp\/v2\/posts\/4185\/revisions"}],"wp:featuredmedia":[{"embeddable":true,"href":"https:\/\/informacionlocal.es\/de\/wp-json\/wp\/v2\/media\/4182"}],"wp:attachment":[{"href":"https:\/\/informacionlocal.es\/de\/wp-json\/wp\/v2\/media?parent=4185"}],"wp:term":[{"taxonomy":"category","embeddable":true,"href":"https:\/\/informacionlocal.es\/de\/wp-json\/wp\/v2\/categories?post=4185"},{"taxonomy":"post_tag","embeddable":true,"href":"https:\/\/informacionlocal.es\/de\/wp-json\/wp\/v2\/tags?post=4185"}],"curies":[{"name":"wp","href":"https:\/\/api.w.org\/{rel}","templated":true}]}}