{"id":4173,"date":"2025-05-22T16:53:06","date_gmt":"2025-05-22T16:53:06","guid":{"rendered":"https:\/\/informacionlocal.es\/unternehmen-und-verwaltung-machen-gemeinsam-fortschritte-bei-der-umgestaltung-des-industriegebiets-risco-prieto\/"},"modified":"2025-05-22T16:53:06","modified_gmt":"2025-05-22T16:53:06","slug":"unternehmen-und-verwaltung-machen-gemeinsam-fortschritte-bei-der-umgestaltung-des-industriegebiets-risco-prieto","status":"publish","type":"post","link":"https:\/\/informacionlocal.es\/de\/unternehmen-und-verwaltung-machen-gemeinsam-fortschritte-bei-der-umgestaltung-des-industriegebiets-risco-prieto\/","title":{"rendered":"Unternehmen und Verwaltung machen gemeinsam Fortschritte bei der Umgestaltung des Industriegebiets Risco Prieto"},"content":{"rendered":"<div class=\"entry-content\">\n<p>Die Stadtverwaltung von Puerto del Rosario hat \u00fcber die technischen Einzelheiten der Ausf\u00fchrung und den Fortschritt des Projekts zur integralen Modernisierung des Industriegebiets Risco Prieto berichtet, eine strategische Ma\u00dfnahme, die von der PICOS mit 3 Millionen Euro gef\u00f6rdert wird.<\/p>\n<p>An der Informationsveranstaltung nahmen der Stadtrat f\u00fcr Industrie, Luis Chac\u00f3n, die Stadtr\u00e4tin f\u00fcr Bauwesen, Ana Hern\u00e1ndez, der Ingenieur, der das Projekt entworfen hat, ein Techniker des Cabildo de Fuerteventura und Vertreter der Gesch\u00e4ftswelt des Industriegebiets teil, die aus erster Hand die technischen und funktionellen Einzelheiten der Ma\u00dfnahme kennenlernten und ihre Bedenken \u00e4u\u00dferten.<\/p>\n<p>Das Projekt sieht umfangreiche Verbesserungen der Infrastruktur des Standorts vor, wie zum Beispiel:<\/p>\n<ul>\n<li>Asphaltierung und Erneuerung von Stra\u00dfenbel\u00e4gen.<\/li>\n<li>Wiederbewuchs und Anpassung von Sch\u00e4chten.<\/li>\n<li>Anpassung von Fu\u00dfg\u00e4nger\u00fcberwegen an universelle Zug\u00e4nglichkeitskriterien.<\/li>\n<li>Bereitstellung neuer Parkpl\u00e4tze f\u00fcr Personen mit eingeschr\u00e4nkter Mobilit\u00e4t (PRM).<\/li>\n<li>Verbesserung des Regenwasserkanalisationsnetzes zur Verhinderung von Stauungen und zur F\u00f6rderung eines effizienten Abflusses.<\/li>\n<\/ul>\n<p><em>Der B\u00fcrgermeister von Puerto del Rosario, <strong>David de Vera<\/strong>, betonte, dass <\/em><em>\u201eDieses Projekt entspricht nicht nur einem historischen Bedarf des Industriegebiets, sondern ist Teil einer umfassenderen Strategie zur Modernisierung unserer Industriegebiete. Wir setzen uns f\u00fcr einen wettbewerbsf\u00e4higeren, besser zug\u00e4nglichen und besser ausgestatteten Raum ein, damit unsere Unternehmen weiter wachsen und Arbeitspl\u00e4tze schaffen k\u00f6nnen\u201c.<\/em><em>.<\/em><\/p>\n<p><em>Der Stadtrat f\u00fcr Industrie, <strong>Luis Chac\u00f3n<\/strong>, unterstrich seinerseits, dass <\/em><em>\u201eEs handelt sich um ein dynamisches und anpassungsf\u00e4higes Projekt, das in der Lage ist, auf die Bed\u00fcrfnisse und Realit\u00e4ten der in Risco Prieto ans\u00e4ssigen Unternehmen zu reagieren, vom Dienstleistungssektor \u00fcber die Automobilindustrie bis hin zum Baugewerbe, zur Lebensmittelindustrie und zur Haushaltsausstattung. Die Einbeziehung der Unternehmer in dieser Phase ist der Schl\u00fcssel zum Erfolg des Prozesses\u201c.<\/em><em>.<\/em><\/p>\n<p><em>Die Stadtr\u00e4tin f\u00fcr Bauwesen, <strong>Ana Hern\u00e1ndez<\/strong>, f\u00fcgte hinzu, dass <\/em><em>\u201eIm Bereich Bauwesen setzen wir uns f\u00fcr einen Eingriff ein, der die Funktionalit\u00e4t und das Image des Industriegebiets verbessert, ohne dabei die Nachhaltigkeit und die Zug\u00e4nglichkeit aus den Augen zu verlieren. Die Verbesserung des Regenwassernetzes, die Fu\u00dfg\u00e4ngersicherheit und die Einbeziehung von PRM-Fl\u00e4chen sind Beispiele f\u00fcr diese umfassende Vision\u201c.<\/em><em>.<\/em><\/p>\n<p>Die Stadtverwaltung von Puerto del Rosario setzt sich in Abstimmung mit der Inselregierung von Fuerteventura weiterhin f\u00fcr die industrielle Entwicklung der Gemeinde ein. Dieses Projekt unterstreicht das Engagement f\u00fcr moderne und nachhaltige Infrastrukturen im Dienste der Wirtschaftst\u00e4tigkeit. <\/p>\n<p>Das Treffen mit den Unternehmern markiert den Beginn einer Phase des st\u00e4ndigen Dialogs und der Zusammenarbeit, die es erm\u00f6glichen wird, die Ma\u00dfnahmen zu verfeinern und sie jederzeit an die tats\u00e4chlichen Bed\u00fcrfnisse der lokalen Wirtschaft anzupassen.<\/p>\n<\/div>\n","protected":false},"excerpt":{"rendered":"<p>Die Stadtverwaltung von Puerto del Rosario hat \u00fcber die technischen Einzelheiten der Ausf\u00fchrung und den Fortschritt des Projekts zur integralen Modernisierung des Industriegebiets Risco Prieto berichtet, eine strategische Ma\u00dfnahme, die [&hellip;]<\/p>\n","protected":false},"author":1,"featured_media":4170,"comment_status":"open","ping_status":"open","sticky":false,"template":"","format":"standard","meta":{"inline_featured_image":false,"jnews-multi-image_gallery":[],"jnews_single_post":[],"jnews_primary_category":[],"jnews_social_meta":[],"jnews_override_counter":[],"jnews_post_split":[],"footnotes":""},"categories":[293],"tags":[216,340],"class_list":["post-4173","post","type-post","status-publish","format-standard","has-post-thumbnail","hentry","category-puerto-del-rosario-de","tag-fuerteventura-de","tag-infrastruktur-de"],"jetpack_featured_media_url":"https:\/\/informacionlocal.es\/wp-content\/uploads\/2025\/05\/risco-33-prieto-reunion-0525.jpg","_links":{"self":[{"href":"https:\/\/informacionlocal.es\/de\/wp-json\/wp\/v2\/posts\/4173","targetHints":{"allow":["GET"]}}],"collection":[{"href":"https:\/\/informacionlocal.es\/de\/wp-json\/wp\/v2\/posts"}],"about":[{"href":"https:\/\/informacionlocal.es\/de\/wp-json\/wp\/v2\/types\/post"}],"author":[{"embeddable":true,"href":"https:\/\/informacionlocal.es\/de\/wp-json\/wp\/v2\/users\/1"}],"replies":[{"embeddable":true,"href":"https:\/\/informacionlocal.es\/de\/wp-json\/wp\/v2\/comments?post=4173"}],"version-history":[{"count":0,"href":"https:\/\/informacionlocal.es\/de\/wp-json\/wp\/v2\/posts\/4173\/revisions"}],"wp:featuredmedia":[{"embeddable":true,"href":"https:\/\/informacionlocal.es\/de\/wp-json\/wp\/v2\/media\/4170"}],"wp:attachment":[{"href":"https:\/\/informacionlocal.es\/de\/wp-json\/wp\/v2\/media?parent=4173"}],"wp:term":[{"taxonomy":"category","embeddable":true,"href":"https:\/\/informacionlocal.es\/de\/wp-json\/wp\/v2\/categories?post=4173"},{"taxonomy":"post_tag","embeddable":true,"href":"https:\/\/informacionlocal.es\/de\/wp-json\/wp\/v2\/tags?post=4173"}],"curies":[{"name":"wp","href":"https:\/\/api.w.org\/{rel}","templated":true}]}}