{"id":4162,"date":"2025-05-22T11:35:12","date_gmt":"2025-05-22T11:35:12","guid":{"rendered":"https:\/\/informacionlocal.es\/suministros-de-agua-la-oliva-oeffnet-seine-tueren-um-seine-entsalzungsanlage-vorzustellen\/"},"modified":"2025-05-22T11:35:12","modified_gmt":"2025-05-22T11:35:12","slug":"suministros-de-agua-la-oliva-oeffnet-seine-tueren-um-seine-entsalzungsanlage-vorzustellen","status":"publish","type":"post","link":"https:\/\/informacionlocal.es\/de\/suministros-de-agua-la-oliva-oeffnet-seine-tueren-um-seine-entsalzungsanlage-vorzustellen\/","title":{"rendered":"Suministros de Agua La Oliva \u00f6ffnet seine T\u00fcren, um seine Entsalzungsanlage vorzustellen"},"content":{"rendered":"<p>Die Anlagen von Suministros de Agua La Oliva \u00f6ffneten gestern, am 21. Mai, ihre T\u00fcren, um den Betrieb und die Ergebnisse der Salosa-Anlage in Zusammenarbeit mit Veolia und Danfoss zu pr\u00e4sentieren. Das \u00f6ffentliche Unternehmen zeigte die Arbeitsmethoden und Ma\u00dfnahmen, die in den letzten Jahren zur Steigerung der Energieeffizienz durchgef\u00fchrt wurden. In diesem Sinne waren die multinationalen Unternehmen damit beauftragt, Einzelheiten \u00fcber die in der Anlage angewandten Verfahren zu erl\u00e4utern.  <\/p>\n<p>Der B\u00fcrgermeister von La Oliva, Isa\u00ed Blanco, sagte: \u201eDie Arbeit von Santana und seinem Team ist ein Spiegelbild dessen, was Suministros de Agua La Oliva heute erreicht hat. Zweifellos zeigt diese Anlage, wie die gemeinsame Arbeit von \u00f6ffentlichen Verwaltungen und spezialisierten Unternehmen positive Ergebnisse f\u00fcr alle Einwohner der Gemeinde erzielen kann\u201c.  <\/p>\n<p>Der Pr\u00e4sident von Salosa und stellvertretende B\u00fcrgermeister, Julio Santana, sagte: \u201eDieser Tag dient dazu, die \u00d6ffentlichkeit \u00fcber die Arbeit zu informieren, die wir jeden Tag in der Anlage leisten, und dar\u00fcber, wie diese Arbeit ein sichtbares Ergebnis in Bezug auf die Effizienz und die Innovation der angebotenen Dienstleistung hat. Es sei auch daran erinnert, dass wir am 27. Mai eine technische Abschaltung vornehmen werden, um die Wassertanks zu reinigen, in \u00dcbereinstimmung mit den von der Regierung vorgeschriebenen Gesundheits- und Sicherheitsma\u00dfnahmen. Wir entschuldigen uns bei allen Nutzern, die davon betroffen sein k\u00f6nnten, und weisen noch einmal darauf hin, wie wichtig es ist, Reservetanks f\u00fcr die von Suministros de Agua La Oliva versorgten Haushalte oder Einrichtungen bereitzuhalten, um eine Mindestautonomie von 48 Stunden zu gew\u00e4hrleisten\u201c.<\/p>\n<p>Francisco Jim\u00e9nez Castellanos, Strategiemanager bei Danfoss, sagt abschlie\u00dfend: &#8222;Bei diesem Treffen konnten wir in groben Z\u00fcgen erkl\u00e4ren, wie die Anlage funktioniert, und gleichzeitig die Ergebnisse erl\u00e4utern, die wir erzielt haben. Gemeinsam mit Veolia haben wir eine Energieeffizienz von rund 400.000 Euro pro Jahr erreicht.  <\/p>\n<p>Diese Ma\u00dfnahme entspricht der Verpflichtung der lokalen Regierung, Innovation und Ressourceneffizienz in der Kommune zu f\u00f6rdern.<\/p>\n","protected":false},"excerpt":{"rendered":"<p><span>Durch die gemeinsame Arbeit mit den multinationalen Unternehmen Veolia und Danfoss bewegt sich das Werk Salosa in Richtung Innovation und Energieeffizienz.<\/span><\/p>\n","protected":false},"author":1,"featured_media":4158,"comment_status":"open","ping_status":"open","sticky":false,"template":"","format":"standard","meta":{"inline_featured_image":false,"jnews-multi-image_gallery":[],"jnews_single_post":[],"jnews_primary_category":[],"jnews_social_meta":[],"jnews_override_counter":[],"jnews_post_split":[],"footnotes":""},"categories":[291],"tags":[],"class_list":["post-4162","post","type-post","status-publish","format-standard","has-post-thumbnail","hentry","category-la-oliva-de"],"jetpack_featured_media_url":"https:\/\/informacionlocal.es\/wp-content\/uploads\/2025\/05\/5200_dde801ae.png","_links":{"self":[{"href":"https:\/\/informacionlocal.es\/de\/wp-json\/wp\/v2\/posts\/4162","targetHints":{"allow":["GET"]}}],"collection":[{"href":"https:\/\/informacionlocal.es\/de\/wp-json\/wp\/v2\/posts"}],"about":[{"href":"https:\/\/informacionlocal.es\/de\/wp-json\/wp\/v2\/types\/post"}],"author":[{"embeddable":true,"href":"https:\/\/informacionlocal.es\/de\/wp-json\/wp\/v2\/users\/1"}],"replies":[{"embeddable":true,"href":"https:\/\/informacionlocal.es\/de\/wp-json\/wp\/v2\/comments?post=4162"}],"version-history":[{"count":0,"href":"https:\/\/informacionlocal.es\/de\/wp-json\/wp\/v2\/posts\/4162\/revisions"}],"wp:featuredmedia":[{"embeddable":true,"href":"https:\/\/informacionlocal.es\/de\/wp-json\/wp\/v2\/media\/4158"}],"wp:attachment":[{"href":"https:\/\/informacionlocal.es\/de\/wp-json\/wp\/v2\/media?parent=4162"}],"wp:term":[{"taxonomy":"category","embeddable":true,"href":"https:\/\/informacionlocal.es\/de\/wp-json\/wp\/v2\/categories?post=4162"},{"taxonomy":"post_tag","embeddable":true,"href":"https:\/\/informacionlocal.es\/de\/wp-json\/wp\/v2\/tags?post=4162"}],"curies":[{"name":"wp","href":"https:\/\/api.w.org\/{rel}","templated":true}]}}