{"id":4136,"date":"2025-05-22T08:32:58","date_gmt":"2025-05-22T08:32:58","guid":{"rendered":"https:\/\/informacionlocal.es\/das-rathaus-von-pajara-feiert-den-tag-der-kanarischen-inseln-mit-einem-volksfest-voller-musik-und-traditioneller-koestlichkeiten\/"},"modified":"2025-05-22T08:32:58","modified_gmt":"2025-05-22T08:32:58","slug":"das-rathaus-von-pajara-feiert-den-tag-der-kanarischen-inseln-mit-einem-volksfest-voller-musik-und-traditioneller-koestlichkeiten","status":"publish","type":"post","link":"https:\/\/informacionlocal.es\/de\/das-rathaus-von-pajara-feiert-den-tag-der-kanarischen-inseln-mit-einem-volksfest-voller-musik-und-traditioneller-koestlichkeiten\/","title":{"rendered":"Das Rathaus von P\u00e1jara feiert den Tag der Kanarischen Inseln mit einem Volksfest voller Musik und traditioneller K\u00f6stlichkeiten."},"content":{"rendered":"<div class=\"entry-content\">\n<p><b><i>Die Veranstaltung findet am 29. und 30. Mai in den D\u00f6rfern Morro Jable und P\u00e1jara statt, mit folkloristischen Darbietungen und traditionellen Kost\u00fcmen.<\/i><\/b><\/p>\n<p><span>Das Rathaus von P\u00e1jara l\u00e4dt die B\u00fcrgerinnen und B\u00fcrger zu zwei Festtagen anl\u00e4sslich des Tags der Kanarischen Inseln am 29. und 30. Mai ein, bei denen Tradition, Volksmusik und die Beteiligung der Bev\u00f6lkerung im Mittelpunkt stehen werden.  <\/span><\/p>\n<p><span>Die Stadtr\u00e4tin f\u00fcr Kultur, Raquel Acosta, betont, dass \u201edie kanarische Kultur nicht nur vererbt, sondern auch gelebt und geteilt wird, und diese Art von Veranstaltung ist wichtig, um diese Essenz am Leben zu erhalten\u201c. Sie f\u00fcgt hinzu: \u201eWir m\u00f6chten, dass sich die B\u00fcrgerinnen und B\u00fcrger als aktiver Teil dieser Beschleunigung f\u00fchlen. Deshalb laden wir alle Einwohnerinnen und Einwohner ein, sich zu beteiligen, nicht nur indem sie traditionelle Gerichte mitbringen, sondern auch indem sie in typischen Kost\u00fcmen kommen\u201c.   <\/span><\/p>\n<p><span>Der B\u00fcrgermeister von P\u00e1jara, Alejandro Jorge, l\u00e4dt seinerseits die gesamte Bev\u00f6lkerung ein, an diesen beiden Tagen teilzunehmen, und betont, dass \u201ediese Feierlichkeiten eine einzigartige Gelegenheit sind, sich mit unseren Wurzeln zu verbinden und das Beste unserer Kultur zu teilen\u201c.<\/span><\/p>\n<p><span>Das Programm beginnt am Mittwoch, dem 29. Mai, um 19.00 Uhr auf der Plaza de los Pescadores in Morro Jable, mit der Teilnahme der Folkloregruppen A.F. Dunas de Corralejo, La Cebada, Los Mantequillas und La Polvajera.  <\/span><\/p>\n<p><span>Das Fest wird am Donnerstag, den 30. Mai, dem Tag der Kanarischen Inseln, ab 12:00 Uhr auf der Plaza de Nuestra Se\u00f1ora de Regla in P\u00e1jara fortgesetzt. Die Gruppe El Golpito wird den Tag mit neuen Auftritten von La Cebada und La Polvajera auflockern.   <\/span><\/p>\n<p><span>An beiden Tagen wird der Gemeinschaftsgeist durch gemeinsam genutzte R\u00e4ume gef\u00f6rdert, in denen sich die B\u00fcrger an gemeinsamen Tischen versammeln und typische, von den Teilnehmern selbst zubereitete Gerichte probieren k\u00f6nnen. Dar\u00fcber hinaus wird das Fest in einer traditionellen Atmosph\u00e4re stattfinden, die die kulturellen Wurzeln und das Engagement der Gemeinde f\u00fcr ihre Traditionen widerspiegelt. <\/span><\/p>\n<p><img fetchpriority=\"high\" decoding=\"async\" class=\"alignnone size-medium wp-image-20314\" src=\"https:\/\/informacionlocal.es\/wp-content\/uploads\/2025\/05\/dia-de-canarias-212x300-1.png\" width=\"212\" height=\"300\" title=\"dia-de-canarias-212x300-1\"><\/p>\n<\/div>\n","protected":false},"excerpt":{"rendered":"<p><i>Die Veranstaltung findet am 29. und 30. Mai in den D\u00f6rfern Morro Jable und P\u00e1jara statt, mit folkloristischen Darbietungen und traditionellen Kost\u00fcmen.<\/i><\/p>\n","protected":false},"author":1,"featured_media":4130,"comment_status":"open","ping_status":"open","sticky":false,"template":"","format":"standard","meta":{"inline_featured_image":false,"jnews-multi-image_gallery":[],"jnews_single_post":[],"jnews_primary_category":[],"jnews_social_meta":[],"jnews_override_counter":[],"jnews_post_split":[],"footnotes":""},"categories":[297],"tags":[],"class_list":["post-4136","post","type-post","status-publish","format-standard","has-post-thumbnail","hentry","category-pajara-de"],"jetpack_featured_media_url":"https:\/\/informacionlocal.es\/wp-content\/uploads\/2025\/05\/dia-de-canarias.png","_links":{"self":[{"href":"https:\/\/informacionlocal.es\/de\/wp-json\/wp\/v2\/posts\/4136","targetHints":{"allow":["GET"]}}],"collection":[{"href":"https:\/\/informacionlocal.es\/de\/wp-json\/wp\/v2\/posts"}],"about":[{"href":"https:\/\/informacionlocal.es\/de\/wp-json\/wp\/v2\/types\/post"}],"author":[{"embeddable":true,"href":"https:\/\/informacionlocal.es\/de\/wp-json\/wp\/v2\/users\/1"}],"replies":[{"embeddable":true,"href":"https:\/\/informacionlocal.es\/de\/wp-json\/wp\/v2\/comments?post=4136"}],"version-history":[{"count":0,"href":"https:\/\/informacionlocal.es\/de\/wp-json\/wp\/v2\/posts\/4136\/revisions"}],"wp:featuredmedia":[{"embeddable":true,"href":"https:\/\/informacionlocal.es\/de\/wp-json\/wp\/v2\/media\/4130"}],"wp:attachment":[{"href":"https:\/\/informacionlocal.es\/de\/wp-json\/wp\/v2\/media?parent=4136"}],"wp:term":[{"taxonomy":"category","embeddable":true,"href":"https:\/\/informacionlocal.es\/de\/wp-json\/wp\/v2\/categories?post=4136"},{"taxonomy":"post_tag","embeddable":true,"href":"https:\/\/informacionlocal.es\/de\/wp-json\/wp\/v2\/tags?post=4136"}],"curies":[{"name":"wp","href":"https:\/\/api.w.org\/{rel}","templated":true}]}}