{"id":4120,"date":"2025-05-21T21:33:00","date_gmt":"2025-05-21T21:33:00","guid":{"rendered":"https:\/\/informacionlocal.es\/parkbeschraenkungen-auf-dem-messegelaende-fuer-den-grossen-taifas-ball\/"},"modified":"2025-05-21T21:33:00","modified_gmt":"2025-05-21T21:33:00","slug":"parkbeschraenkungen-auf-dem-messegelaende-fuer-den-grossen-taifas-ball","status":"publish","type":"post","link":"https:\/\/informacionlocal.es\/de\/parkbeschraenkungen-auf-dem-messegelaende-fuer-den-grossen-taifas-ball\/","title":{"rendered":"PARKBESCHR\u00c4NKUNGEN AUF DEM MESSEGEL\u00c4NDE F\u00dcR DEN GROSSEN TAIFAS-BALL"},"content":{"rendered":"<div class=\"entry-content\">\n<div class=\"xdj266r x11i5rnm xat24cr x1mh8g0r x1vvkbs x126k92a\">\n<div dir=\"auto\">WICHTIGER HINWEIS &#8211; PARKVERBOTE AUF DEM MESSEGEL\u00c4NDE<\/div>\n<\/div>\n<div class=\"x11i5rnm xat24cr x1mh8g0r x1vvkbs xtlvy1s x126k92a\">\n<div dir=\"auto\">Anl\u00e4sslich der Vorbereitungen f\u00fcr den traditionellen Baile de Taifas, der am Donnerstag, den 29. Mai stattfindet und vom Cabildo von Fuerteventura in Zusammenarbeit mit dem Rathaus von Puerto del Rosario organisiert wird, informieren wir die \u00d6ffentlichkeit \u00fcber Folgendes:<\/div>\n<\/div>\n<div class=\"x11i5rnm xat24cr x1mh8g0r x1vvkbs xtlvy1s x126k92a\">\n<div dir=\"auto\">Von nun an ist ein Parkplatz auf dem Messegel\u00e4nde eingerichtet worden.<\/div>\n<\/div>\n<div class=\"x11i5rnm xat24cr x1mh8g0r x1vvkbs xtlvy1s x126k92a\">\n<div dir=\"auto\">Ab Montag, dem 26. Mai, wird der gesamte Parkplatz des Veranstaltungsortes vollst\u00e4ndig gesperrt, um den Aufbau und die Logistik der Veranstaltung zu erleichtern.<\/div>\n<\/div>\n<div class=\"x11i5rnm xat24cr x1mh8g0r x1vvkbs xtlvy1s x126k92a\">\n<div dir=\"auto\">Wir m\u00f6chten uns im Voraus bei unseren Nachbarn f\u00fcr ihr Verst\u00e4ndnis und ihre Zusammenarbeit bedanken.<\/div>\n<\/div>\n<div class=\"x11i5rnm xat24cr x1mh8g0r x1vvkbs xtlvy1s x126k92a\">\n<div dir=\"auto\">Wir z\u00e4hlen auf Sie, damit der Baile de Taifas ein Erfolg f\u00fcr alle wird!<\/div>\n<\/div>\n<\/div>\n","protected":false},"excerpt":{"rendered":"<p>WICHTIGER HINWEIS &#8211; PARKVERBOTE AUF DEM MESSEGEL\u00c4NDE Anl\u00e4sslich der Vorbereitungen f\u00fcr den traditionellen Baile de Taifas, der am Donnerstag, den 29. Mai stattfindet und vom Cabildo von Fuerteventura in Zusammenarbeit [&hellip;]<\/p>\n","protected":false},"author":1,"featured_media":4118,"comment_status":"open","ping_status":"open","sticky":false,"template":"","format":"standard","meta":{"inline_featured_image":false,"jnews-multi-image_gallery":[],"jnews_single_post":[],"jnews_primary_category":[],"jnews_social_meta":[],"jnews_override_counter":[],"jnews_post_split":[],"footnotes":""},"categories":[293],"tags":[216],"class_list":["post-4120","post","type-post","status-publish","format-standard","has-post-thumbnail","hentry","category-puerto-del-rosario-de","tag-fuerteventura-de"],"jetpack_featured_media_url":"https:\/\/informacionlocal.es\/wp-content\/uploads\/2025\/05\/baile-titu-taifas-25-parking.jpg","_links":{"self":[{"href":"https:\/\/informacionlocal.es\/de\/wp-json\/wp\/v2\/posts\/4120","targetHints":{"allow":["GET"]}}],"collection":[{"href":"https:\/\/informacionlocal.es\/de\/wp-json\/wp\/v2\/posts"}],"about":[{"href":"https:\/\/informacionlocal.es\/de\/wp-json\/wp\/v2\/types\/post"}],"author":[{"embeddable":true,"href":"https:\/\/informacionlocal.es\/de\/wp-json\/wp\/v2\/users\/1"}],"replies":[{"embeddable":true,"href":"https:\/\/informacionlocal.es\/de\/wp-json\/wp\/v2\/comments?post=4120"}],"version-history":[{"count":0,"href":"https:\/\/informacionlocal.es\/de\/wp-json\/wp\/v2\/posts\/4120\/revisions"}],"wp:featuredmedia":[{"embeddable":true,"href":"https:\/\/informacionlocal.es\/de\/wp-json\/wp\/v2\/media\/4118"}],"wp:attachment":[{"href":"https:\/\/informacionlocal.es\/de\/wp-json\/wp\/v2\/media?parent=4120"}],"wp:term":[{"taxonomy":"category","embeddable":true,"href":"https:\/\/informacionlocal.es\/de\/wp-json\/wp\/v2\/categories?post=4120"},{"taxonomy":"post_tag","embeddable":true,"href":"https:\/\/informacionlocal.es\/de\/wp-json\/wp\/v2\/tags?post=4120"}],"curies":[{"name":"wp","href":"https:\/\/api.w.org\/{rel}","templated":true}]}}