{"id":4109,"date":"2025-05-21T17:11:15","date_gmt":"2025-05-21T17:11:15","guid":{"rendered":"https:\/\/informacionlocal.es\/im-rathaus-von-puerto-del-rosario-findet-eine-neue-plenartagung-fuer-kinder-und-jugendliche-statt\/"},"modified":"2025-05-21T17:11:15","modified_gmt":"2025-05-21T17:11:15","slug":"im-rathaus-von-puerto-del-rosario-findet-eine-neue-plenartagung-fuer-kinder-und-jugendliche-statt","status":"publish","type":"post","link":"https:\/\/informacionlocal.es\/de\/im-rathaus-von-puerto-del-rosario-findet-eine-neue-plenartagung-fuer-kinder-und-jugendliche-statt\/","title":{"rendered":"Im Rathaus von Puerto del Rosario findet eine neue Plenartagung f\u00fcr Kinder und Jugendliche statt."},"content":{"rendered":"<div class=\"entry-content\">\n<p>Am Dienstag, den 20. Mai, fand die Plenarsitzung des Rates f\u00fcr das Kindes- und Jugendalter im Rahmen seiner zwei ordentlichen Jahrestagungen statt. Die Kinder und Jugendlichen hatten die M\u00f6glichkeit, ihre Bed\u00fcrfnisse darzulegen und zu \u00e4u\u00dfern, die sich auf die folgende Tagesordnung konzentrierten: <\/p>\n<p>Beim ersten Tagesordnungspunkt, der<strong> Rechenschaftspflicht <\/strong>, wurden die Forderungen des vorherigen Plenums bez\u00fcglich der Zug\u00e4nglichkeit des Sonderp\u00e4dagogischen Zentrums bekannt gegeben. Entwicklung von Aktionen zur Sensibilisierung von Kindern und Jugendlichen f\u00fcr das Leben der ber\u00fchmten Pers\u00f6nlichkeit Miguel de Unamuno. <\/p>\n<p>Im zweiten Punkt<strong>, der Dezentralisierung der Jugendtage, <\/strong>wurden Aktionen mit den Schwerpunkten Jugend, Urbanismus und 6 soziale Projekte detailliert aufgef\u00fchrt, um ihre Umsetzung zu priorisieren.<\/p>\n<p>Was den dritten Punkt,<strong> Rebotallo Jugendliche und Rebotallo Mix, <\/strong>betrifft, so wurden die Aktivit\u00e4ten f\u00fcr Jugendliche in der Gemeinde, die entwickelt wurden, und die Einladung an alle B\u00fcrger mit dem Rebotallo Mix am 28. Juni vormittags im Kulturzentrum von Los Pozos angek\u00fcndigt.<\/p>\n<p>Nach dem vierten Punkt genannt, <strong>Aktionen in Zusammenarbeit mit der spanischen Vereinigung gegen Krebs der Insel Fuerteventura Bord, <\/strong>mit 4 sehr spezifische Aktionen, in denen die Virgen de la Pe\u00f1a Hospital wird als rauchfreier Raum, Ausbildung unter Gleichaltrigen in der Krebspr\u00e4vention, die CAI als Validierungsstelle f\u00fcr methodische Leitf\u00e4den und ein Video im Juni ver\u00f6ffentlicht werden, um das Bewusstsein f\u00fcr Hautkrebs.<\/p>\n<p><strong> <\/strong><strong>CEIP Poeta Domingo Vel\u00e1zquez: ABP (projektbasiertes Lernen) Initiative,<\/strong> war der f\u00fcnfte Punkt, der die Teilnahme von Sch\u00fclern, Lehrern und Schulleiter in der Pr\u00e4sentation der Forschung und Entwicklung von Design-Projekten beteiligt sind, haben die Sch\u00fcler ein Modell einer \u201eSmart City\u201c und ein Vergn\u00fcgungspark Anwendung Computational Thinking, diese Stadt in Puerto del Rosario, unsere Stadt entwickelt. Durch forschungsbasiertes Lernen und kooperative Arbeit. <\/p>\n<p>Zum Abschluss der Plenarsitzung wurde der jungen Raquel gedankt, die sich nach 9 Jahren in der Initiative Kinderfreundliche Stadt verabschiedet, nachdem sie erwachsen geworden ist.<\/p>\n<\/p>\n<p><strong> <\/strong><\/p>\n<p><strong> <\/strong><\/p>\n<\/p>\n<p><strong> <\/strong><\/p>\n<\/p>\n<p><strong> <\/strong><\/p>\n<\/p>\n<p><strong> <\/strong><\/p>\n<\/div>\n","protected":false},"excerpt":{"rendered":"<p>Am Dienstag, den 20. Mai, fand die Plenarsitzung des Rates f\u00fcr das Kindes- und Jugendalter im Rahmen seiner zwei ordentlichen Jahrestagungen statt. Die Kinder und Jugendlichen hatten die M\u00f6glichkeit, ihre [&hellip;]<\/p>\n","protected":false},"author":1,"featured_media":4106,"comment_status":"open","ping_status":"open","sticky":false,"template":"","format":"standard","meta":{"inline_featured_image":false,"jnews-multi-image_gallery":[],"jnews_single_post":[],"jnews_primary_category":[],"jnews_social_meta":[],"jnews_override_counter":[],"jnews_post_split":[],"footnotes":""},"categories":[293],"tags":[242,306,216],"class_list":["post-4109","post","type-post","status-publish","format-standard","has-post-thumbnail","hentry","category-puerto-del-rosario-de","tag-aufforderungen-zur-einreichung-von-bewerbungen","tag-educacion-de","tag-fuerteventura-de"],"jetpack_featured_media_url":"https:\/\/informacionlocal.es\/wp-content\/uploads\/2025\/05\/cai-55-pleno-200525-escalera-scaled-1.jpg","_links":{"self":[{"href":"https:\/\/informacionlocal.es\/de\/wp-json\/wp\/v2\/posts\/4109","targetHints":{"allow":["GET"]}}],"collection":[{"href":"https:\/\/informacionlocal.es\/de\/wp-json\/wp\/v2\/posts"}],"about":[{"href":"https:\/\/informacionlocal.es\/de\/wp-json\/wp\/v2\/types\/post"}],"author":[{"embeddable":true,"href":"https:\/\/informacionlocal.es\/de\/wp-json\/wp\/v2\/users\/1"}],"replies":[{"embeddable":true,"href":"https:\/\/informacionlocal.es\/de\/wp-json\/wp\/v2\/comments?post=4109"}],"version-history":[{"count":0,"href":"https:\/\/informacionlocal.es\/de\/wp-json\/wp\/v2\/posts\/4109\/revisions"}],"wp:featuredmedia":[{"embeddable":true,"href":"https:\/\/informacionlocal.es\/de\/wp-json\/wp\/v2\/media\/4106"}],"wp:attachment":[{"href":"https:\/\/informacionlocal.es\/de\/wp-json\/wp\/v2\/media?parent=4109"}],"wp:term":[{"taxonomy":"category","embeddable":true,"href":"https:\/\/informacionlocal.es\/de\/wp-json\/wp\/v2\/categories?post=4109"},{"taxonomy":"post_tag","embeddable":true,"href":"https:\/\/informacionlocal.es\/de\/wp-json\/wp\/v2\/tags?post=4109"}],"curies":[{"name":"wp","href":"https:\/\/api.w.org\/{rel}","templated":true}]}}