{"id":4098,"date":"2025-05-21T13:50:23","date_gmt":"2025-05-21T13:50:23","guid":{"rendered":"https:\/\/informacionlocal.es\/die-startnummern-fuer-die-xiii-meile-barcelo-caleta-de-fuste-koennen-ab-heute-im-thalasso-spa-fuerteventura-abgeholt-werden\/"},"modified":"2025-05-21T13:50:23","modified_gmt":"2025-05-21T13:50:23","slug":"die-startnummern-fuer-die-xiii-meile-barcelo-caleta-de-fuste-koennen-ab-heute-im-thalasso-spa-fuerteventura-abgeholt-werden","status":"publish","type":"post","link":"https:\/\/informacionlocal.es\/de\/die-startnummern-fuer-die-xiii-meile-barcelo-caleta-de-fuste-koennen-ab-heute-im-thalasso-spa-fuerteventura-abgeholt-werden\/","title":{"rendered":"Die Startnummern f\u00fcr die XIII. Meile Barcel\u00f3 Caleta de Fuste k\u00f6nnen ab heute im Thalasso Spa Fuerteventura abgeholt werden."},"content":{"rendered":"<div class=\"elementor-widget-container\">\n<p><strong>Die Startnummern f\u00fcr die XIII. Meile Barcel\u00f3 Caleta de Fuste k\u00f6nnen ab heute im Thalasso Spa Fuerteventura abgeholt werden.<\/strong><\/p>\n<p><strong>Die Rekordzahl von 300 Online-Anmeldungen f\u00fcr die XIII. Barcel\u00f3 Caleta de Fuste Barcel\u00f3 Mile k\u00f6nnte sich am Tag des Rennens noch erh\u00f6hen.<\/strong><\/p>\n<p><strong>&#8211; Aufgrund der hohen Anzahl von Anmeldungen f\u00fcr den XIII Milla Barcel\u00f3 Caleta de Fuste k\u00f6nnen die Startnummern ab heute im Thalasso Spa Barcel\u00f3 Fuerteventura abgeholt werden.  <\/strong><br \/><strong>&#8211; Jos\u00e9 Ojeda, Kanaren Trail 2025 Champion, Pate der neuen Ausgabe des Milla Barcel\u00f3 Caleta de Fuste.<\/strong><br \/><strong>&#8211; Der Volkslauf Barcel\u00f3 Caleta de Fuste Caleta de Fuste Barcel\u00f3 Mile findet am Freitag, den 23. Mai um 18:00 Uhr statt.  <\/strong><br \/><strong>&#8211; Die Anmeldung zum Rennen ist kostenlos und kann am Tag des Starts erfolgen.<\/strong><\/p>\n<p>Eine st\u00e4dtische Meile, die die Erwartungen an die Anmeldung in dieser neuen Ausgabe \u00fcbertrifft, da sie ein wichtiges Ereignis im Sportkalender der Gemeinde und der Insel ist, und ein Beispiel f\u00fcr die Zusammenarbeit zwischen der Hotelgruppe Barcel\u00f3 und dem Stadtrat von Antigua, sagt der B\u00fcrgermeister, Mat\u00edas Pe\u00f1a.<\/p>\n<p>Der Stadtrat f\u00fcr Sport, Samuel Torres, weist darauf hin, dass alle L\u00e4ufer, die sich online f\u00fcr die XIII. Meile Barcel\u00f3 Caleta de Fuste angemeldet haben, ihre Startnummern ab diesem Mittwoch ab 17:00 Uhr bis zum Tag des Rennens in dem von der Hotelgruppe eingerichteten Bereich im Thalasso Spa Barcel\u00f3 Fuerteventura abholen k\u00f6nnen.<\/p>\n<\/p>\n<\/div>\n","protected":false},"excerpt":{"rendered":"<p><strong>Die Startnummern f\u00fcr die XIII. Meile Barcel\u00f3 Caleta de Fuste k\u00f6nnen ab heute im Thalasso Spa Fuerteventura abgeholt werden.<\/strong><\/p>\n","protected":false},"author":1,"featured_media":4094,"comment_status":"open","ping_status":"open","sticky":false,"template":"","format":"standard","meta":{"inline_featured_image":false,"jnews-multi-image_gallery":[],"jnews_single_post":[],"jnews_primary_category":[],"jnews_social_meta":[],"jnews_override_counter":[],"jnews_post_split":[],"footnotes":""},"categories":[283],"tags":[216],"class_list":["post-4098","post","type-post","status-publish","format-standard","has-post-thumbnail","hentry","category-antigua-de","tag-fuerteventura-de"],"jetpack_featured_media_url":"https:\/\/informacionlocal.es\/wp-content\/uploads\/2025\/05\/cartel-milla-2025-imagenes-1-scaled-2.jpg","_links":{"self":[{"href":"https:\/\/informacionlocal.es\/de\/wp-json\/wp\/v2\/posts\/4098","targetHints":{"allow":["GET"]}}],"collection":[{"href":"https:\/\/informacionlocal.es\/de\/wp-json\/wp\/v2\/posts"}],"about":[{"href":"https:\/\/informacionlocal.es\/de\/wp-json\/wp\/v2\/types\/post"}],"author":[{"embeddable":true,"href":"https:\/\/informacionlocal.es\/de\/wp-json\/wp\/v2\/users\/1"}],"replies":[{"embeddable":true,"href":"https:\/\/informacionlocal.es\/de\/wp-json\/wp\/v2\/comments?post=4098"}],"version-history":[{"count":0,"href":"https:\/\/informacionlocal.es\/de\/wp-json\/wp\/v2\/posts\/4098\/revisions"}],"wp:featuredmedia":[{"embeddable":true,"href":"https:\/\/informacionlocal.es\/de\/wp-json\/wp\/v2\/media\/4094"}],"wp:attachment":[{"href":"https:\/\/informacionlocal.es\/de\/wp-json\/wp\/v2\/media?parent=4098"}],"wp:term":[{"taxonomy":"category","embeddable":true,"href":"https:\/\/informacionlocal.es\/de\/wp-json\/wp\/v2\/categories?post=4098"},{"taxonomy":"post_tag","embeddable":true,"href":"https:\/\/informacionlocal.es\/de\/wp-json\/wp\/v2\/tags?post=4098"}],"curies":[{"name":"wp","href":"https:\/\/api.w.org\/{rel}","templated":true}]}}