{"id":4073,"date":"2025-05-21T12:48:33","date_gmt":"2025-05-21T12:48:33","guid":{"rendered":"https:\/\/informacionlocal.es\/das-rathaus-von-pajara-empfaengt-die-feste-von-nuestra-senora-del-tanquito-in-el-cardon\/"},"modified":"2025-05-21T12:48:33","modified_gmt":"2025-05-21T12:48:33","slug":"das-rathaus-von-pajara-empfaengt-die-feste-von-nuestra-senora-del-tanquito-in-el-cardon","status":"publish","type":"post","link":"https:\/\/informacionlocal.es\/de\/das-rathaus-von-pajara-empfaengt-die-feste-von-nuestra-senora-del-tanquito-in-el-cardon\/","title":{"rendered":"Das Rathaus von P\u00e1jara empf\u00e4ngt die Feste von Nuestra Se\u00f1ora del Tanquito in El Card\u00f3n"},"content":{"rendered":"<div class=\"entry-content\">\n<p><b><i>Das Fest findet vom 21. bis 31. Mai statt und bietet sportliche Aktivit\u00e4ten, Auff\u00fchrungen, religi\u00f6se Veranstaltungen, Spiele f\u00fcr Kinder und beliebte Gerichte.<\/i><\/b><\/p>\n<p><span>Das Rathaus von P\u00e1jara er\u00f6ffnet heute Nachmittag \u00fcber die Abteilung f\u00fcr Festlichkeiten das lang erwartete Patronatsfest zu Ehren von Nuestra Se\u00f1ora del Tanquito, das von heute bis zum 31. Mai im Dorf El Card\u00f3n stattfinden wird. Der Er\u00f6ffnungstag beginnt mit der Dekoration des Dorfes, Spielen f\u00fcr Kinder und einer spannenden Schatzsuche.   <\/span><\/p>\n<p><span>Der Stadtrat f\u00fcr Feste, Juan Jos\u00e9 Viera, betont, dass die Feste so konzipiert wurden, dass sie die Teilnahme aller Einwohner f\u00f6rdern und die volkst\u00fcmlichen Traditionen mit einem integrativen und familienorientierten Ansatz unterst\u00fctzen. \u201eWir haben hart gearbeitet, um jeden Tag zu etwas Besonderem zu machen und unvergessliche Momente zu erleben\u201c, sagt er.   <\/span><\/p>\n<p><span>Der B\u00fcrgermeister von P\u00e1jara, Alejandro Jorge, betont seinerseits, dass die Feste von El Card\u00f3n \u201eein lebendiges Beispiel f\u00fcr unsere Identit\u00e4t und die Einheit unseres Volkes sind. Sie spiegeln die kollektive Anstrengung und die Zuneigung zu unseren Wurzeln wider. Wir laden alle ein, mitzumachen und sich an den Aktivit\u00e4ten zu erfreuen, die mit gro\u00dfem Enthusiasmus vorbereitet worden sind\u201c, sagt er.  <\/span><\/p>\n<p><span>Auf dem Programm stehen zahlreiche Aktivit\u00e4ten f\u00fcr alle Altersgruppen, darunter H\u00fcpfburgen, Kinderunterhaltung, ein Truco-Turnier, beliebte Gerichte, ein Fu\u00dfballturnier, p\u00e4dagogische Workshops, T\u00e4nze unter freiem Himmel und vieles mehr. Einer der H\u00f6hepunkte ist die neunte Auflage des Tanquito Runner&#8217;s Race, die am Samstag stattfindet. Bei diesem Sportereignis treffen sich L\u00e4uferinnen und L\u00e4ufer verschiedener Alters- und Leistungsklassen, wobei verschiedene Modalit\u00e4ten zur F\u00f6rderung des Sports eingesetzt werden.     <\/span><\/p>\n<p><span>Zum Abschluss der Feierlichkeiten findet am Samstag, dem 31. Mai, ab 09:00 Uhr die traditionelle Wallfahrt statt. Die Vorbereitungen beginnen am Freitag, den 30. Mai um 16:00 Uhr. Am selben Samstag um 15:00 Uhr findet die Verbena statt, mit der die Feierlichkeiten enden werden.    <\/span><\/p>\n<p><span>Das Rathaus von P\u00e1jara l\u00e4dt die Einwohner aller Altersgruppen ein, an den verschiedenen Aktivit\u00e4ten teilzunehmen und die Feierlichkeiten zu Ehren des Schutzpatrons von El Card\u00f3n zu genie\u00dfen.<\/span><\/p>\n<p><img fetchpriority=\"high\" decoding=\"async\" class=\"alignnone size-medium wp-image-20310\" src=\"https:\/\/informacionlocal.es\/wp-content\/uploads\/2025\/05\/cardon-2025-2-programacion2-212x300-1.jpg\" width=\"212\" height=\"300\" title=\"cardon-2025-2-programacion2-212x300-1\"><\/p>\n<\/div>\n","protected":false},"excerpt":{"rendered":"<p><i>Das Fest findet vom 21. bis 31. Mai statt und bietet sportliche Aktivit\u00e4ten, Auff\u00fchrungen, religi\u00f6se Veranstaltungen, Spiele f\u00fcr Kinder und beliebte Gerichte.<\/i><\/p>\n","protected":false},"author":1,"featured_media":4066,"comment_status":"open","ping_status":"open","sticky":false,"template":"","format":"standard","meta":{"inline_featured_image":false,"jnews-multi-image_gallery":[],"jnews_single_post":[],"jnews_primary_category":[],"jnews_social_meta":[],"jnews_override_counter":[],"jnews_post_split":[],"footnotes":""},"categories":[297],"tags":[303],"class_list":["post-4073","post","type-post","status-publish","format-standard","has-post-thumbnail","hentry","category-pajara-de","tag-eventos-de"],"jetpack_featured_media_url":"https:\/\/informacionlocal.es\/wp-content\/uploads\/2025\/05\/cardon-2025-2-programacion2-scaled-1.jpg","_links":{"self":[{"href":"https:\/\/informacionlocal.es\/de\/wp-json\/wp\/v2\/posts\/4073","targetHints":{"allow":["GET"]}}],"collection":[{"href":"https:\/\/informacionlocal.es\/de\/wp-json\/wp\/v2\/posts"}],"about":[{"href":"https:\/\/informacionlocal.es\/de\/wp-json\/wp\/v2\/types\/post"}],"author":[{"embeddable":true,"href":"https:\/\/informacionlocal.es\/de\/wp-json\/wp\/v2\/users\/1"}],"replies":[{"embeddable":true,"href":"https:\/\/informacionlocal.es\/de\/wp-json\/wp\/v2\/comments?post=4073"}],"version-history":[{"count":0,"href":"https:\/\/informacionlocal.es\/de\/wp-json\/wp\/v2\/posts\/4073\/revisions"}],"wp:featuredmedia":[{"embeddable":true,"href":"https:\/\/informacionlocal.es\/de\/wp-json\/wp\/v2\/media\/4066"}],"wp:attachment":[{"href":"https:\/\/informacionlocal.es\/de\/wp-json\/wp\/v2\/media?parent=4073"}],"wp:term":[{"taxonomy":"category","embeddable":true,"href":"https:\/\/informacionlocal.es\/de\/wp-json\/wp\/v2\/categories?post=4073"},{"taxonomy":"post_tag","embeddable":true,"href":"https:\/\/informacionlocal.es\/de\/wp-json\/wp\/v2\/tags?post=4073"}],"curies":[{"name":"wp","href":"https:\/\/api.w.org\/{rel}","templated":true}]}}