{"id":4046,"date":"2025-05-21T08:05:51","date_gmt":"2025-05-21T08:05:51","guid":{"rendered":"https:\/\/informacionlocal.es\/la-oliva-beharrt-darauf-der-staat-haelt-sich-weiterhin-nicht-an-die-vorgaben-fuerteventuras-waehrend-die-gemeinde-die-sicherheit-verstaerkt\/"},"modified":"2025-05-21T08:05:51","modified_gmt":"2025-05-21T08:05:51","slug":"la-oliva-beharrt-darauf-der-staat-haelt-sich-weiterhin-nicht-an-die-vorgaben-fuerteventuras-waehrend-die-gemeinde-die-sicherheit-verstaerkt","status":"publish","type":"post","link":"https:\/\/informacionlocal.es\/de\/la-oliva-beharrt-darauf-der-staat-haelt-sich-weiterhin-nicht-an-die-vorgaben-fuerteventuras-waehrend-die-gemeinde-die-sicherheit-verstaerkt\/","title":{"rendered":"La Oliva beharrt darauf: Der Staat h\u00e4lt sich weiterhin nicht an die Vorgaben Fuerteventuras, w\u00e4hrend die Gemeinde die Sicherheit verst\u00e4rkt"},"content":{"rendered":"<p>In den letzten Monaten hat der Stadtrat von La Oliva mehrere formelle Mitteilungen an das Innenministerium geschickt, in denen er auf den Mangel an Guardia Civil und Nationalpolizei hinwies. Seit 2021 haben Polizeigewerkschaften und -verb\u00e4nde darauf hingewiesen, dass Fuerteventura mindestens 80 bis 100 zus\u00e4tzliche Beamte der Guardia Civil und 30 weitere Beamte der Nationalpolizei ben\u00f6tigt, aber es wurden keine nennenswerten Fortschritte erzielt. <\/p>\n<p>In der Zwischenzeit hat das Konsistorium sein Budget f\u00fcr die \u00f6ffentliche Sicherheit um das Neunfache erh\u00f6ht, von 50.000 auf 460.000 Euro pro Jahr. Au\u00dferdem wurde das Personal der Polizei in nur zwei Jahren von 31 auf 52 Mitarbeiter aufgestockt, und es wurden Schl\u00fcsseltechnologien wie Video\u00fcberwachungskameras, Drohnen, eine Hundestaffel und die Wiederherstellung der Umweltabteilung (UMA) eingef\u00fchrt. <\/p>\n<p>\u201eDie Sicherheit kann nicht l\u00e4nger ausschlie\u00dflich in der Verantwortung der Gemeinde liegen. Wir von La Oliva tun alles, was in unserer Macht steht, aber unsere Befugnisse und Ressourcen haben eine Grenze\u201c, sagte B\u00fcrgermeister Isa\u00ed Blanco.<\/p>\n<p>\u201eDer Staat kann nicht wegschauen, w\u00e4hrend die Kriminalit\u00e4t zunimmt. Wir haben schon ganze N\u00e4chte ohne einen einzigen Beamten der Guardia Civil in Corralejo erlebt. Das ist inakzeptabel\u201c, f\u00fcgt er hinzu.<\/p>\n<p>Blanco hob auch die Rolle der \u00f6rtlichen Polizei in j\u00fcngsten F\u00e4llen hervor, wie dem tragischen Mord an einer d\u00e4nischen Touristin in Corralejo, der dank des gemeinsamen Vorgehens der Sicherheitskr\u00e4fte und des st\u00e4dtischen \u00dcberwachungssystems aufgekl\u00e4rt werden konnte.<\/p>\n<p>Einstimmige Forderung nach staatlicher Verst\u00e4rkung<\/p>\n<p>Auf der letzten Sitzung des lokalen Sicherheitsausschusses im Januar hat das Sicherheits- und Notfallteam der Gemeinde erneut die Notwendigkeit einer echten und wirksamen Beteiligung des Staates am Schutz Fuerteventuras angesprochen. Es wurde vereinbart, weiterhin personelle und materielle Verst\u00e4rkung zu fordern oder, falls dies nicht m\u00f6glich ist, eine direkte \u00dcberweisung von Mitteln, um die Mittel der lokalen Polizei weiter auszubauen. <\/p>\n<p>\u201eDie Menschen sind besorgt und das zu Recht. Aber lassen Sie uns eines klarstellen: Die Gemeinde La Oliva hat die Vorschriften erf\u00fcllt. Jetzt ist der Staat an der Reihe\u201c, schloss der B\u00fcrgermeister.<\/p>\n","protected":false},"excerpt":{"rendered":"<p><span>Angesichts des k\u00fcrzlich vom Innenministerium in seinem Bericht \u00fcber die Sicherheit auf Fuerteventura ver\u00f6ffentlichten Berichts fordert der Stadtrat von La Oliva erneut mit Nachdruck eine dringende Antwort des spanischen Staates. Trotz wiederholter institutioneller Appelle kommt die Zentralregierung ihrer Verantwortung f\u00fcr die Gew\u00e4hrleistung der \u00f6ffentlichen Sicherheit auf der Insel weiterhin nicht nach. <\/span><\/p>\n","protected":false},"author":1,"featured_media":4042,"comment_status":"open","ping_status":"open","sticky":false,"template":"","format":"standard","meta":{"inline_featured_image":false,"jnews-multi-image_gallery":[],"jnews_single_post":[],"jnews_primary_category":[],"jnews_social_meta":[],"jnews_override_counter":[],"jnews_post_split":[],"footnotes":""},"categories":[291],"tags":[216,263],"class_list":["post-4046","post","type-post","status-publish","format-standard","has-post-thumbnail","hentry","category-la-oliva-de","tag-fuerteventura-de","tag-sicherheit"],"jetpack_featured_media_url":"https:\/\/informacionlocal.es\/wp-content\/uploads\/2025\/05\/5199_d94f2417.png","_links":{"self":[{"href":"https:\/\/informacionlocal.es\/de\/wp-json\/wp\/v2\/posts\/4046","targetHints":{"allow":["GET"]}}],"collection":[{"href":"https:\/\/informacionlocal.es\/de\/wp-json\/wp\/v2\/posts"}],"about":[{"href":"https:\/\/informacionlocal.es\/de\/wp-json\/wp\/v2\/types\/post"}],"author":[{"embeddable":true,"href":"https:\/\/informacionlocal.es\/de\/wp-json\/wp\/v2\/users\/1"}],"replies":[{"embeddable":true,"href":"https:\/\/informacionlocal.es\/de\/wp-json\/wp\/v2\/comments?post=4046"}],"version-history":[{"count":0,"href":"https:\/\/informacionlocal.es\/de\/wp-json\/wp\/v2\/posts\/4046\/revisions"}],"wp:featuredmedia":[{"embeddable":true,"href":"https:\/\/informacionlocal.es\/de\/wp-json\/wp\/v2\/media\/4042"}],"wp:attachment":[{"href":"https:\/\/informacionlocal.es\/de\/wp-json\/wp\/v2\/media?parent=4046"}],"wp:term":[{"taxonomy":"category","embeddable":true,"href":"https:\/\/informacionlocal.es\/de\/wp-json\/wp\/v2\/categories?post=4046"},{"taxonomy":"post_tag","embeddable":true,"href":"https:\/\/informacionlocal.es\/de\/wp-json\/wp\/v2\/tags?post=4046"}],"curies":[{"name":"wp","href":"https:\/\/api.w.org\/{rel}","templated":true}]}}