{"id":4034,"date":"2025-05-20T22:55:10","date_gmt":"2025-05-20T22:55:10","guid":{"rendered":"https:\/\/informacionlocal.es\/countdown-fuer-sol-y-luna-sport-musik-und-kultur-an-einem-einzigen-tag\/"},"modified":"2025-05-20T22:55:10","modified_gmt":"2025-05-20T22:55:10","slug":"countdown-fuer-sol-y-luna-sport-musik-und-kultur-an-einem-einzigen-tag","status":"publish","type":"post","link":"https:\/\/informacionlocal.es\/de\/countdown-fuer-sol-y-luna-sport-musik-und-kultur-an-einem-einzigen-tag\/","title":{"rendered":"Countdown f\u00fcr &#8222;Sol y Luna&#8220;: Sport, Musik und Kultur an einem einzigen Tag"},"content":{"rendered":"<div class=\"entry-content\">\n<p>Das Rathaus von Puerto del Rosario intensiviert die Koordinierungsarbeit zwischen seinen verschiedenen Bereichen anl\u00e4sslich der Makro-Show &#8222;Sonne und Mond&#8220;, einem der wichtigsten Sportereignisse des Jahres, das am Freitag, den 21. Juni, zeitgleich mit der Sommersonnenwende stattfinden wird.<\/p>\n<p>Auf dem Programm stehen Sportturniere in verschiedenen Disziplinen, Regatten, die Austragung des VII. Canary Islands Open Water Open Cup, Boxk\u00e4mpfe, Kunstausstellungen, Workshops, Kinderunterhaltung, musikalische Darbietungen und die Installation von Violet Points als Ort der Aufmerksamkeit und Sensibilisierung gegen M\u00e4nnergewalt.<\/p>\n<p>Der <strong>B\u00fcrgermeister von Puerto del Rosario, David de Vera,<\/strong> betonte, dass &#8222;wir uns daf\u00fcr einsetzen, dass &#8218;Sol y Luna&#8216; eine Show ist, die den Erwartungen unserer B\u00fcrger gerecht wird. Zu diesem Zweck koordinieren wir bis ins Detail jedes Element der Vorrichtung, von der technischen Montage bis zur Zugangskontrolle, wobei wir stets die Sicherheit und den Komfort des Publikums gew\u00e4hrleisten&#8220;.<\/p>\n<p><strong>Der Stadtrat f\u00fcr Sport, Luis Chac\u00f3n,<\/strong> wies seinerseits darauf hin, dass &#8222;die operative Organisation mit gro\u00dfer Sorgfalt und unter Ber\u00fccksichtigung jedes noch so kleinen Details durchgef\u00fchrt wird. Wir haben alle notwendigen Abteilungen einbezogen, um sicherzustellen, dass die Veranstaltung ein Erfolg wird und unter optimalen Bedingungen sowohl f\u00fcr die \u00d6ffentlichkeit als auch f\u00fcr die Teilnehmer stattfindet&#8220;.<\/p>\n<p>Die Veranstaltung &#8222;Sol y Luna&#8220; bietet ein abwechslungsreiches Programm mit musikalischen Darbietungen, visuellen Shows und Aktivit\u00e4ten f\u00fcr alle Zielgruppen, die in verschiedenen Bereichen der Gemeinde stattfinden. Es werden besondere Sicherheits- und Notfalleins\u00e4tze sowie verst\u00e4rkte Reinigungsdienste und Ma\u00dfnahmen zur Kontrolle des Verkehrs und der \u00f6ffentlichen Verkehrsmittel durchgef\u00fchrt. <\/p>\n<\/div>\n","protected":false},"excerpt":{"rendered":"<p>Das Rathaus von Puerto del Rosario intensiviert die Koordinierungsarbeit zwischen seinen verschiedenen Bereichen anl\u00e4sslich der Makro-Show &#8222;Sonne und Mond&#8220;, einem der wichtigsten Sportereignisse des Jahres, das am Freitag, den 21. [&hellip;]<\/p>\n","protected":false},"author":1,"featured_media":4030,"comment_status":"open","ping_status":"open","sticky":false,"template":"","format":"standard","meta":{"inline_featured_image":false,"jnews-multi-image_gallery":[],"jnews_single_post":[],"jnews_primary_category":[],"jnews_social_meta":[],"jnews_override_counter":[],"jnews_post_split":[],"footnotes":""},"categories":[293],"tags":[263],"class_list":["post-4034","post","type-post","status-publish","format-standard","has-post-thumbnail","hentry","category-puerto-del-rosario-de","tag-sicherheit"],"jetpack_featured_media_url":"https:\/\/informacionlocal.es\/wp-content\/uploads\/2025\/05\/solyluna-25-22-reunion-previa.jpg","_links":{"self":[{"href":"https:\/\/informacionlocal.es\/de\/wp-json\/wp\/v2\/posts\/4034","targetHints":{"allow":["GET"]}}],"collection":[{"href":"https:\/\/informacionlocal.es\/de\/wp-json\/wp\/v2\/posts"}],"about":[{"href":"https:\/\/informacionlocal.es\/de\/wp-json\/wp\/v2\/types\/post"}],"author":[{"embeddable":true,"href":"https:\/\/informacionlocal.es\/de\/wp-json\/wp\/v2\/users\/1"}],"replies":[{"embeddable":true,"href":"https:\/\/informacionlocal.es\/de\/wp-json\/wp\/v2\/comments?post=4034"}],"version-history":[{"count":0,"href":"https:\/\/informacionlocal.es\/de\/wp-json\/wp\/v2\/posts\/4034\/revisions"}],"wp:featuredmedia":[{"embeddable":true,"href":"https:\/\/informacionlocal.es\/de\/wp-json\/wp\/v2\/media\/4030"}],"wp:attachment":[{"href":"https:\/\/informacionlocal.es\/de\/wp-json\/wp\/v2\/media?parent=4034"}],"wp:term":[{"taxonomy":"category","embeddable":true,"href":"https:\/\/informacionlocal.es\/de\/wp-json\/wp\/v2\/categories?post=4034"},{"taxonomy":"post_tag","embeddable":true,"href":"https:\/\/informacionlocal.es\/de\/wp-json\/wp\/v2\/tags?post=4034"}],"curies":[{"name":"wp","href":"https:\/\/api.w.org\/{rel}","templated":true}]}}