{"id":4022,"date":"2025-05-20T12:16:09","date_gmt":"2025-05-20T12:16:09","guid":{"rendered":"https:\/\/informacionlocal.es\/fuer-die-xiii-barcelo-caleta-de-fuste-barcelo-mile-liegen-bereits-mehr-als-300-anmeldungen-vor\/"},"modified":"2025-05-20T12:16:09","modified_gmt":"2025-05-20T12:16:09","slug":"fuer-die-xiii-barcelo-caleta-de-fuste-barcelo-mile-liegen-bereits-mehr-als-300-anmeldungen-vor","status":"publish","type":"post","link":"https:\/\/informacionlocal.es\/de\/fuer-die-xiii-barcelo-caleta-de-fuste-barcelo-mile-liegen-bereits-mehr-als-300-anmeldungen-vor\/","title":{"rendered":"F\u00fcr die XIII. Barcel\u00f3 Caleta de Fuste Barcel\u00f3 Mile liegen bereits mehr als 300 Anmeldungen vor"},"content":{"rendered":"<div class=\"elementor-widget-container\">\n<p><strong>F\u00fcr die XIII. Barcel\u00f3 Caleta de Fuste Barcel\u00f3 Mile liegen bereits mehr als 300 Anmeldungen vor<\/strong><\/p>\n<p><strong>&#8211; Jos\u00e9 Ojeda, Kanaren Trail 2025 Champion, Pate der neuen Ausgabe des Milla Barcel\u00f3 Caleta de Fuste.<\/strong><br \/><strong>&#8211; Der Volkslauf Barcel\u00f3 Caleta de Fuste Caleta de Fuste Barcel\u00f3 Mile findet am Freitag, den 23. Mai um 18:00 Uhr statt.  <\/strong><br \/><strong>&#8211; Die Anmeldung zum Rennen ist kostenlos und kann am Tag des Starts ab 16:30 Uhr erfolgen.<\/strong><\/p>\n<p>Die Sportabteilung der Stadtverwaltung von Antigua organisiert die XIII. Milla Barcel\u00f3 Caleta de Fuste Meile, die am Freitag, den 23. Mai um 18:00 Uhr in der Avenida de El Castillo stattfindet, in Zusammenarbeit mit dem Leichtathletikverband der Insel, der Barcel\u00f3 Hotelgruppe und dem Sportf\u00f6rderprogramm der Inselverwaltung von Fuerteventura.<\/p>\n<p>Dreizehn Jahre Organisation der st\u00e4dtischen Meile in Caleta de Fuste, eine etablierte popul\u00e4re Rennen, das gerade ge\u00f6ffnet hat Online-Anmeldung, best\u00e4tigt mehr als 300 registrierte Athleten, sagt Stadtrat Samuel Torres Mesa, der uns daran erinnert, dass die Anmeldung ist kostenlos und kann auch am Freitag ab 16:30 Uhr, neben dem Start-und Zielbogen des Rennens getan werden.<\/p>\n<p>Bei dieser neuen Ausgabe der Meile von Barcel\u00f3 Caleta de Fuste freuen wir uns, dass der Sportler Jos\u00e9 Hern\u00e1ndez Ojeda, Champion des Trail 2025 auf Antigua und den Kanarischen Inseln, der Schirmherr dieser beliebten Veranstaltung sein wird&#8220;, so B\u00fcrgermeister Mat\u00edas Pe\u00f1a.<\/p>\n<p>Hervorzuheben ist die allj\u00e4hrliche Beteiligung der Barcel\u00f3 Hotel Group, die einmal mehr ihr Engagement bei der F\u00f6rderung von Sportereignissen wie dieser Stadtmeile unter Beweis stellt, aber auch ihre Mitarbeit bei den Festlichkeiten in Caleta de Fuste oder bei der F\u00f6rderung attraktiver Aktivit\u00e4ten in der Stadt, und der B\u00fcrgermeister schlie\u00dft mit einer gro\u00dfartigen Zusammenarbeit mit dem Rathaus von Antigua, die jeden Tag gepflegt und verst\u00e4rkt wird.<\/p>\n<\/div>\n","protected":false},"excerpt":{"rendered":"<p><strong>F\u00fcr die XIII. Barcel\u00f3 Caleta de Fuste Barcel\u00f3 Mile liegen bereits mehr als 300 Anmeldungen vor<\/strong><\/p>\n","protected":false},"author":1,"featured_media":4018,"comment_status":"open","ping_status":"open","sticky":false,"template":"","format":"standard","meta":{"inline_featured_image":false,"jnews-multi-image_gallery":[],"jnews_single_post":[],"jnews_primary_category":[],"jnews_social_meta":[],"jnews_override_counter":[],"jnews_post_split":[],"footnotes":""},"categories":[283],"tags":[303,216],"class_list":["post-4022","post","type-post","status-publish","format-standard","has-post-thumbnail","hentry","category-antigua-de","tag-eventos-de","tag-fuerteventura-de"],"jetpack_featured_media_url":"https:\/\/informacionlocal.es\/wp-content\/uploads\/2025\/05\/cartel-milla-2025-imagenes-1-scaled-1.jpg","_links":{"self":[{"href":"https:\/\/informacionlocal.es\/de\/wp-json\/wp\/v2\/posts\/4022","targetHints":{"allow":["GET"]}}],"collection":[{"href":"https:\/\/informacionlocal.es\/de\/wp-json\/wp\/v2\/posts"}],"about":[{"href":"https:\/\/informacionlocal.es\/de\/wp-json\/wp\/v2\/types\/post"}],"author":[{"embeddable":true,"href":"https:\/\/informacionlocal.es\/de\/wp-json\/wp\/v2\/users\/1"}],"replies":[{"embeddable":true,"href":"https:\/\/informacionlocal.es\/de\/wp-json\/wp\/v2\/comments?post=4022"}],"version-history":[{"count":0,"href":"https:\/\/informacionlocal.es\/de\/wp-json\/wp\/v2\/posts\/4022\/revisions"}],"wp:featuredmedia":[{"embeddable":true,"href":"https:\/\/informacionlocal.es\/de\/wp-json\/wp\/v2\/media\/4018"}],"wp:attachment":[{"href":"https:\/\/informacionlocal.es\/de\/wp-json\/wp\/v2\/media?parent=4022"}],"wp:term":[{"taxonomy":"category","embeddable":true,"href":"https:\/\/informacionlocal.es\/de\/wp-json\/wp\/v2\/categories?post=4022"},{"taxonomy":"post_tag","embeddable":true,"href":"https:\/\/informacionlocal.es\/de\/wp-json\/wp\/v2\/tags?post=4022"}],"curies":[{"name":"wp","href":"https:\/\/api.w.org\/{rel}","templated":true}]}}