{"id":4010,"date":"2025-05-20T11:15:09","date_gmt":"2025-05-20T11:15:09","guid":{"rendered":"https:\/\/informacionlocal.es\/kanarische-brauchtumsschau-diesen-freitag-in-caleta-de-fuste\/"},"modified":"2025-05-20T11:15:09","modified_gmt":"2025-05-20T11:15:09","slug":"kanarische-brauchtumsschau-diesen-freitag-in-caleta-de-fuste","status":"publish","type":"post","link":"https:\/\/informacionlocal.es\/de\/kanarische-brauchtumsschau-diesen-freitag-in-caleta-de-fuste\/","title":{"rendered":"Kanarische Brauchtumsschau diesen Freitag in Caleta de Fuste"},"content":{"rendered":"<div class=\"elementor-widget-container\">\n<p><strong>Kanarische Brauchtumsschau diesen Freitag in Caleta de Fuste<\/strong><\/p>\n<p><strong>Wrestling-Ausstellung des aktuellen und dreimaligen kanarischen Meisters CL Uni\u00f3n Antigua.<\/strong><\/p>\n<p><strong>&#8211; Die Auftritte der Parranda El Callao, der Agrupaci\u00f3n Folkl\u00f3rica de Tetir El Rinc\u00f3n und von Cinco en Clave con Timbeque werden den kanarischen Rhythmus des Festivals bestimmen.  <\/strong><br \/><strong>&#8211; Ausstellung kanarischer Ringer, Stra\u00dfenmarkt, musikalische Darbietungen, Showkochen mit Francisco El Molinero und typisch kanarische Kostproben ab 17:30 Uhr.<\/strong><br \/><strong>&#8211; Caleta de Fuste feiert die Kanarischen Inseln und ihre Br\u00e4uche mit traditionellen Spielen, dem Majorero-Esel und kanarischer Folklore.<\/strong><\/p>\n<p>Am kommenden Freitag, den 23. Mai, organisiert das Rathaus von Antigua \u00fcber seine Tourismusabteilung die Muestra de Costumbres Canarias in Caleta de Fuste auf der Plaza de El Castillo, die um 17:30 Uhr beginnt.<\/p>\n<p>Der B\u00fcrgermeister, Mat\u00edas Pe\u00f1a, weist darauf hin, dass das Programm eine kanarische Ringkampfvorf\u00fchrung in Caleta de Fuste durch die aktuellen und dreimaligen kanarischen Meister, die CL Uni\u00f3n Antigua, den wichtigsten Vertreter unseres einheimischen Sports auf Fuerteventura und den Kanarischen Inseln, vorsieht.<\/p>\n<p>Die Muestra de Costumbres Canarias bietet sowohl den Einwohnern als auch den Touristen, die uns in diesen Tagen besuchen, die M\u00f6glichkeit, die Gastronomie, die Musik und die Traditionen der Kanarischen Inseln zu genie\u00dfen, wobei die Hotels zu \u00fcber 90 % ausgelastet sind, so die Stadtr\u00e4tin f\u00fcr Tourismus, Kristina Rodewig.<\/p>\n<p>Die Muestra de Costumbres Canarias, sagt die Stadtr\u00e4tin Rodewig, konzentriert sich in der Plaza de El Castillo, die Produkte unseres Landes, sowie Spiele von gestern und Volksmusik, und f\u00fcgt die Stadtr\u00e4tin, die Touristen einladen, das gleiche zu genie\u00dfen, die wiederum die F\u00f6rderung ihrer Besuch in lokalen Gesch\u00e4ften und Einrichtungen in der N\u00e4he, sowohl Restaurants und Bars und Caf\u00e9s.<\/p>\n<p>Das bunte und umfangreiche Programm der Muestra de Costumbres Canarias umfasst Auff\u00fchrungen kanarischer Folklore durch die Parranda El Callao, die Agrupaci\u00f3n Tetir El Rinc\u00f3n und Cinco en Clave mit Timbeque. Musik und Tanz begleiten das Showkochen von Francisco El Molinero mit Gofio Pellas und traditionellen S\u00fc\u00dfigkeiten, Workshops und traditionelle Spiele f\u00fcr alle Altersgruppen und die Ausstellung des Majorero-Esels, Chato und Fuerte de Pelo. <\/p>\n<\/p>\n<\/div>\n","protected":false},"excerpt":{"rendered":"<p><strong>Kanarische Brauchtumsschau diesen Freitag in Caleta de Fuste<\/strong><\/p>\n","protected":false},"author":1,"featured_media":4006,"comment_status":"open","ping_status":"open","sticky":false,"template":"","format":"standard","meta":{"inline_featured_image":false,"jnews-multi-image_gallery":[],"jnews_single_post":[],"jnews_primary_category":[],"jnews_social_meta":[],"jnews_override_counter":[],"jnews_post_split":[],"footnotes":""},"categories":[283],"tags":[216],"class_list":["post-4010","post","type-post","status-publish","format-standard","has-post-thumbnail","hentry","category-antigua-de","tag-fuerteventura-de"],"jetpack_featured_media_url":"https:\/\/informacionlocal.es\/wp-content\/uploads\/2025\/05\/imagen-de-whatsapp-2025-05-08-a-las-09-47-17_288078db.jpg","_links":{"self":[{"href":"https:\/\/informacionlocal.es\/de\/wp-json\/wp\/v2\/posts\/4010","targetHints":{"allow":["GET"]}}],"collection":[{"href":"https:\/\/informacionlocal.es\/de\/wp-json\/wp\/v2\/posts"}],"about":[{"href":"https:\/\/informacionlocal.es\/de\/wp-json\/wp\/v2\/types\/post"}],"author":[{"embeddable":true,"href":"https:\/\/informacionlocal.es\/de\/wp-json\/wp\/v2\/users\/1"}],"replies":[{"embeddable":true,"href":"https:\/\/informacionlocal.es\/de\/wp-json\/wp\/v2\/comments?post=4010"}],"version-history":[{"count":0,"href":"https:\/\/informacionlocal.es\/de\/wp-json\/wp\/v2\/posts\/4010\/revisions"}],"wp:featuredmedia":[{"embeddable":true,"href":"https:\/\/informacionlocal.es\/de\/wp-json\/wp\/v2\/media\/4006"}],"wp:attachment":[{"href":"https:\/\/informacionlocal.es\/de\/wp-json\/wp\/v2\/media?parent=4010"}],"wp:term":[{"taxonomy":"category","embeddable":true,"href":"https:\/\/informacionlocal.es\/de\/wp-json\/wp\/v2\/categories?post=4010"},{"taxonomy":"post_tag","embeddable":true,"href":"https:\/\/informacionlocal.es\/de\/wp-json\/wp\/v2\/tags?post=4010"}],"curies":[{"name":"wp","href":"https:\/\/api.w.org\/{rel}","templated":true}]}}