{"id":3950,"date":"2025-05-19T19:38:12","date_gmt":"2025-05-19T19:38:12","guid":{"rendered":"https:\/\/informacionlocal.es\/puerto-del-rosario-genehmigt-den-ersten-staedtischen-katalog-fuer-kulturgueter\/"},"modified":"2025-05-19T19:38:12","modified_gmt":"2025-05-19T19:38:12","slug":"puerto-del-rosario-genehmigt-den-ersten-staedtischen-katalog-fuer-kulturgueter","status":"publish","type":"post","link":"https:\/\/informacionlocal.es\/de\/puerto-del-rosario-genehmigt-den-ersten-staedtischen-katalog-fuer-kulturgueter\/","title":{"rendered":"Puerto del Rosario genehmigt den ersten st\u00e4dtischen Katalog f\u00fcr Kulturg\u00fcter"},"content":{"rendered":"<div class=\"entry-content\">\n<p>Die Erstgenehmigung des Katalogs beinhaltet die Schaffung eines rechtlichen und technischen Rahmens zum Schutz von mehr als 800 historischen, architektonischen, ethnografischen, arch\u00e4ologischen und landschaftlichen G\u00fctern in der Gemeinde. Das Dokument wurde von Fachleuten ausgearbeitet und von der Abteilung f\u00fcr historisches Erbe der Stadtverwaltung koordiniert. <\/p>\n<p>Der Stadtrat von Puerto del Rosario hat am Montagnachmittag, dem 19. Mai, in einer au\u00dferordentlichen Plenarsitzung den Katalog zum Schutz des kulturellen Erbes verabschiedet, ein in der Gemeinde bisher einmaliges Dokument, das die Identifizierung, die Bewertung und den rechtlichen Schutz des materiellen und immateriellen Erbes erm\u00f6glichen wird.<\/p>\n<p>Die erstmalige Genehmigung des Katalogs stellt einen entscheidenden Schritt zur Bewahrung des historischen Erbes von Puerto del Rosario dar und festigt ein \u00f6ffentliches Verwaltungsinstrument, das bei der Gestaltung k\u00fcnftiger st\u00e4dtebaulicher, kultureller und umweltpolitischer Ma\u00dfnahmen von entscheidender Bedeutung sein wird.<\/p>\n<p><strong>Strenge technische Arbeiten, die von der Abteilung f\u00fcr Kulturerbe koordiniert werden.  <\/strong><\/p>\n<p>Der Katalog umfasst insgesamt 843 Dateien, die architektonisch interessante Objekte, ethnografische Elemente, arch\u00e4ologische und pal\u00e4ontologische St\u00e4tten, historische Festungen, traditionelle Wege und Landschaften von kulturellem Wert dokumentieren. All diese Inhalte wurden von Fachleuten erstellt und von der Abteilung f\u00fcr historisches Erbe des Rates \u00fcberwacht. <\/p>\n<p>&#8222;Dieser Katalog ist ein Meilenstein f\u00fcr Puerto del Rosario. Er sch\u00fctzt unsere Geschichte und bietet uns ein klares und aktuelles Instrument, um verantwortungsvolle Entscheidungen \u00fcber unser Gebiet zu treffen. Der Prozess war langwierig, aber wir haben ihn mit Verantwortung, technischer Strenge und institutionellem Sinn entwickelt&#8220;, erkl\u00e4rte der <strong>Stadtrat f\u00fcr historisches Erbe, David de Le\u00f3n. <\/strong> <\/p>\n<p>W\u00e4hrend der Erarbeitung des Entwurfs hat der Stadtrat auch Vorsichtsma\u00dfnahmen ergriffen, wie z. B. die fakultative Aussetzung von Baugenehmigungen in bestimmten Gebieten, um Ver\u00e4nderungen oder Besch\u00e4digungen von Objekten w\u00e4hrend des Bewertungs- und Katalogisierungsprozesses zu vermeiden.<\/p>\n<p><strong> <\/strong><strong>Schutz des kulturellen Erbes als Verpflichtung gegen\u00fcber der Gegenwart und der Zukunft.  <\/strong><\/p>\n<p>Der <strong>B\u00fcrgermeister von Puerto del Rosario, David de Vera<\/strong>, betonte, dass dieses neue Dokument &#8222;ein Zeichen des Engagements der Stadtverwaltung f\u00fcr die Bewahrung der kulturellen Identit\u00e4t der Gemeinde unter dem Aspekt einer verantwortungsvollen und nachhaltigen Entwicklung&#8220; sei. &#8222;Die Geschichte von Puerto del Rosario verdient es, gesch\u00fctzt zu werden. Dieser Katalog ist nicht nur eine rechtliche Verpflichtung, sondern auch ein n\u00fctzliches Instrument, um k\u00fcnftige Entscheidungen in den Bereichen Stadtplanung, Tourismus und Kultur zu treffen und dabei die Umwelt und das, was uns als Gemeinschaft ausmacht, zu respektieren&#8220;, so der B\u00fcrgermeister. <\/p>\n<p>Das Dokument wird nun vor seiner endg\u00fcltigen Verabschiedung einem Verfahren unterzogen, in dem die \u00d6ffentlichkeit zu Wort kommt und Behauptungen aufgestellt werden.<\/p>\n<\/div>\n","protected":false},"excerpt":{"rendered":"<p>Die Erstgenehmigung des Katalogs beinhaltet die Schaffung eines rechtlichen und technischen Rahmens zum Schutz von mehr als 800 historischen, architektonischen, ethnografischen, arch\u00e4ologischen und landschaftlichen G\u00fctern in der Gemeinde. Das Dokument [&hellip;]<\/p>\n","protected":false},"author":1,"featured_media":3946,"comment_status":"open","ping_status":"open","sticky":false,"template":"","format":"standard","meta":{"inline_featured_image":false,"jnews-multi-image_gallery":[],"jnews_single_post":[],"jnews_primary_category":[],"jnews_social_meta":[],"jnews_override_counter":[],"jnews_post_split":[],"footnotes":""},"categories":[293],"tags":[],"class_list":["post-3950","post","type-post","status-publish","format-standard","has-post-thumbnail","hentry","category-puerto-del-rosario-de"],"jetpack_featured_media_url":"https:\/\/informacionlocal.es\/wp-content\/uploads\/2025\/05\/pleno-titu-190525-catalogo-bienes-pat-cult.jpg","_links":{"self":[{"href":"https:\/\/informacionlocal.es\/de\/wp-json\/wp\/v2\/posts\/3950","targetHints":{"allow":["GET"]}}],"collection":[{"href":"https:\/\/informacionlocal.es\/de\/wp-json\/wp\/v2\/posts"}],"about":[{"href":"https:\/\/informacionlocal.es\/de\/wp-json\/wp\/v2\/types\/post"}],"author":[{"embeddable":true,"href":"https:\/\/informacionlocal.es\/de\/wp-json\/wp\/v2\/users\/1"}],"replies":[{"embeddable":true,"href":"https:\/\/informacionlocal.es\/de\/wp-json\/wp\/v2\/comments?post=3950"}],"version-history":[{"count":0,"href":"https:\/\/informacionlocal.es\/de\/wp-json\/wp\/v2\/posts\/3950\/revisions"}],"wp:featuredmedia":[{"embeddable":true,"href":"https:\/\/informacionlocal.es\/de\/wp-json\/wp\/v2\/media\/3946"}],"wp:attachment":[{"href":"https:\/\/informacionlocal.es\/de\/wp-json\/wp\/v2\/media?parent=3950"}],"wp:term":[{"taxonomy":"category","embeddable":true,"href":"https:\/\/informacionlocal.es\/de\/wp-json\/wp\/v2\/categories?post=3950"},{"taxonomy":"post_tag","embeddable":true,"href":"https:\/\/informacionlocal.es\/de\/wp-json\/wp\/v2\/tags?post=3950"}],"curies":[{"name":"wp","href":"https:\/\/api.w.org\/{rel}","templated":true}]}}