{"id":3937,"date":"2025-05-19T18:47:14","date_gmt":"2025-05-19T18:47:14","guid":{"rendered":"https:\/\/informacionlocal.es\/am-wochenende-fand-in-puerto-del-rosario-ein-tetir-kunsthandwerksmarkt-mit-kanarischem-flair-statt\/"},"modified":"2025-05-19T18:47:14","modified_gmt":"2025-05-19T18:47:14","slug":"am-wochenende-fand-in-puerto-del-rosario-ein-tetir-kunsthandwerksmarkt-mit-kanarischem-flair-statt","status":"publish","type":"post","link":"https:\/\/informacionlocal.es\/de\/am-wochenende-fand-in-puerto-del-rosario-ein-tetir-kunsthandwerksmarkt-mit-kanarischem-flair-statt\/","title":{"rendered":"Am Wochenende fand in Puerto del Rosario ein Tetir-Kunsthandwerksmarkt mit kanarischem Flair statt."},"content":{"rendered":"<div class=\"entry-content\">\n<p>Am Wochenende, Samstag, den 17. und Sonntag, den 18. Mai, fand auf dem Kunsthandwerkermarkt von Tetir, der vom Rathaus von Puerto del Rosario \u00fcber die Kulturabteilung organisiert wurde, ein Treffen mit kanarischer Tradition statt.<\/p>\n<p>Anl\u00e4sslich des Tages der Kanarischen Inseln wurde auf der Plaza de Tetir das Beste unseres Landes gefeiert: authentisches Handwerk, lokale Produkte und Aktivit\u00e4ten f\u00fcr die ganze Familie.<\/p>\n<p>Bastelworkshop f\u00fcr die Kleinsten, Mojo Canario Masterclass f\u00fcr Liebhaber unserer Gastronomie, Konzert der Gruppe Tabajoste.<\/p>\n<p>Aufblasbare Matratzen, ein Gofio-Workshop mit Francisco Rom\u00e1n, der Molinero de la Molina de la Asomada und Parranda Canaria waren die geplanten Aktivit\u00e4ten.<\/p>\n<p><strong>B\u00fcrgermeister David de Vera<\/strong> hob hervor, dass es sich um einen &#8222;konsolidierten Markt handelt, der als Treffpunkt f\u00fcr Nachbarn und Besucher dient, wo sie einen angenehmen Tag verbringen und hochwertige handwerkliche Produkte kaufen k\u00f6nnen&#8220;.<\/p>\n<p>Der <strong>Stadtrat f\u00fcr Kultur, Juan Manuel Verdugo,<\/strong> erkl\u00e4rte, dass &#8222;dieser Markt in Tetir zu einem Ereignis wird, bei dem Familie und Freunde in einer entspannten Atmosph\u00e4re gutes Essen und Kunsthandwerk genie\u00dfen k\u00f6nnen, die an den verschiedenen St\u00e4nden angeboten werden, zusammen mit verschiedenen Unterhaltungsaktivit\u00e4ten f\u00fcr alle Altersgruppen&#8220;.<\/p>\n<p>Der Stadtrat der Hauptstadt dankt allen Kunsthandwerkern f\u00fcr ihre Teilnahme und allen, die die Durchf\u00fchrung eines solchen Marktes in der Gemeinde erm\u00f6glichen.<\/p>\n<\/div>\n","protected":false},"excerpt":{"rendered":"<p>Am Wochenende, Samstag, den 17. und Sonntag, den 18. Mai, fand auf dem Kunsthandwerkermarkt von Tetir, der vom Rathaus von Puerto del Rosario \u00fcber die Kulturabteilung organisiert wurde, ein Treffen [&hellip;]<\/p>\n","protected":false},"author":1,"featured_media":3934,"comment_status":"open","ping_status":"open","sticky":false,"template":"","format":"standard","meta":{"inline_featured_image":false,"jnews-multi-image_gallery":[],"jnews_single_post":[],"jnews_primary_category":[],"jnews_social_meta":[],"jnews_override_counter":[],"jnews_post_split":[],"footnotes":""},"categories":[293],"tags":[],"class_list":["post-3937","post","type-post","status-publish","format-standard","has-post-thumbnail","hentry","category-puerto-del-rosario-de"],"jetpack_featured_media_url":"https:\/\/informacionlocal.es\/wp-content\/uploads\/2025\/05\/molinero-en-mat-17-y-18-0525.jpg","_links":{"self":[{"href":"https:\/\/informacionlocal.es\/de\/wp-json\/wp\/v2\/posts\/3937","targetHints":{"allow":["GET"]}}],"collection":[{"href":"https:\/\/informacionlocal.es\/de\/wp-json\/wp\/v2\/posts"}],"about":[{"href":"https:\/\/informacionlocal.es\/de\/wp-json\/wp\/v2\/types\/post"}],"author":[{"embeddable":true,"href":"https:\/\/informacionlocal.es\/de\/wp-json\/wp\/v2\/users\/1"}],"replies":[{"embeddable":true,"href":"https:\/\/informacionlocal.es\/de\/wp-json\/wp\/v2\/comments?post=3937"}],"version-history":[{"count":0,"href":"https:\/\/informacionlocal.es\/de\/wp-json\/wp\/v2\/posts\/3937\/revisions"}],"wp:featuredmedia":[{"embeddable":true,"href":"https:\/\/informacionlocal.es\/de\/wp-json\/wp\/v2\/media\/3934"}],"wp:attachment":[{"href":"https:\/\/informacionlocal.es\/de\/wp-json\/wp\/v2\/media?parent=3937"}],"wp:term":[{"taxonomy":"category","embeddable":true,"href":"https:\/\/informacionlocal.es\/de\/wp-json\/wp\/v2\/categories?post=3937"},{"taxonomy":"post_tag","embeddable":true,"href":"https:\/\/informacionlocal.es\/de\/wp-json\/wp\/v2\/tags?post=3937"}],"curies":[{"name":"wp","href":"https:\/\/api.w.org\/{rel}","templated":true}]}}