{"id":3925,"date":"2025-05-19T18:27:04","date_gmt":"2025-05-19T18:27:04","guid":{"rendered":"https:\/\/informacionlocal.es\/puerto-del-rosario-eroeffnet-den-aufruf-zur-bezuschussung-von-dorf-und-stadtteilfesten\/"},"modified":"2025-05-19T18:27:04","modified_gmt":"2025-05-19T18:27:04","slug":"puerto-del-rosario-eroeffnet-den-aufruf-zur-bezuschussung-von-dorf-und-stadtteilfesten","status":"publish","type":"post","link":"https:\/\/informacionlocal.es\/de\/puerto-del-rosario-eroeffnet-den-aufruf-zur-bezuschussung-von-dorf-und-stadtteilfesten\/","title":{"rendered":"Puerto del Rosario er\u00f6ffnet den Aufruf zur Bezuschussung von Dorf- und Stadtteilfesten"},"content":{"rendered":"<div class=\"entry-content\">\n<p>Die Stadtverwaltung von Puerto del Rosario informiert \u00fcber die Abteilungen f\u00fcr Feste und B\u00fcrgerbeteiligung die Nachbarschaftsverb\u00e4nde der Gemeinde \u00fcber den Beginn der Frist f\u00fcr die Beantragung von Zusch\u00fcssen f\u00fcr die Organisation von Volksfesten in den verschiedenen D\u00f6rfern und Stadtteilen der Gemeinde.<\/p>\n<p>Ab <strong>Dienstag, dem 20. Mai<\/strong>, k\u00f6nnen alle interessierten B\u00fcrgervereinigungen ihre Antr\u00e4ge einreichen. Die Frist l\u00e4uft bis zum <strong>29. Mai 2025<\/strong>(einschlie\u00dflich). <\/p>\n<p>Diese kommunale Initiative verf\u00fcgt \u00fcber ein <strong>Budget von 120.000 Euro<\/strong>, das auf die antragstellenden Organisationen verteilt wird, die die in der Aufforderung zur Einreichung von Bewerbungen festgelegten Anforderungen erf\u00fcllen.<\/p>\n<p>Der B\u00fcrgermeister von Puerto del Rosario, <strong>David de Vera,<\/strong> betonte, dass &#8222;Dorf- und Nachbarschaftsfeste nicht nur Teil unserer Tradition und Volkskultur sind, sondern auch ein Mittel, um die Beziehungen zwischen Nachbarn zu st\u00e4rken und das soziale Leben der Gemeinde zu f\u00f6rdern. Von Seiten der Regierung werden wir diese R\u00e4ume des Zusammenlebens und der Beteiligung der Gemeinschaft weiterhin aktiv unterst\u00fctzen&#8220;.<\/p>\n<p>Die Stadtr\u00e4tin f\u00fcr Feste, <strong>Tacoremi Guti\u00e9rrez<\/strong>, betonte, wie wichtig es sei, <em>&#8222;die Volksfeste als Orte der Begegnung, der Tradition und der Identit\u00e4t unserer Gemeinde weiterhin zu unterst\u00fctzen&#8220;.<\/em><\/p>\n<p>Die Stadtr\u00e4tin f\u00fcr B\u00fcrgerbeteiligung, <strong>Jenifer P\u00e9rez<\/strong>, betonte ihrerseits, dass <em>&#8222;diese Art von Subventionen das Leben in den St\u00e4dten und Stadtvierteln dynamischer macht und die direkte Beteiligung der B\u00fcrger an der Organisation von festlichen Aktivit\u00e4ten f\u00f6rdert&#8220;.<\/em><\/p>\n<p><em> <\/em>Die Ausschreibungsregeln und das Bewerbungsformular sind in der elektronischen Zentrale der Stadtverwaltung, im Bereich B\u00fcrgerbeteiligung und im Bereich Feste, erh\u00e4ltlich.<\/p>\n<p>F\u00fcr weitere Informationen k\u00f6nnen sich die Verb\u00e4nde an die Abteilung f\u00fcr B\u00fcrgerbeteiligung und\/oder die Abteilung f\u00fcr Feste wenden oder \u00fcber die offiziellen Kan\u00e4le der Stadtverwaltung Kontakt aufnehmen.<\/p>\n<\/div>\n","protected":false},"excerpt":{"rendered":"<p>Die Stadtverwaltung von Puerto del Rosario informiert \u00fcber die Abteilungen f\u00fcr Feste und B\u00fcrgerbeteiligung die Nachbarschaftsverb\u00e4nde der Gemeinde \u00fcber den Beginn der Frist f\u00fcr die Beantragung von Zusch\u00fcssen f\u00fcr die [&hellip;]<\/p>\n","protected":false},"author":1,"featured_media":3922,"comment_status":"open","ping_status":"open","sticky":false,"template":"","format":"standard","meta":{"inline_featured_image":false,"jnews-multi-image_gallery":[],"jnews_single_post":[],"jnews_primary_category":[],"jnews_social_meta":[],"jnews_override_counter":[],"jnews_post_split":[],"footnotes":""},"categories":[293],"tags":[],"class_list":["post-3925","post","type-post","status-publish","format-standard","has-post-thumbnail","hentry","category-puerto-del-rosario-de"],"jetpack_featured_media_url":"https:\/\/informacionlocal.es\/wp-content\/uploads\/2025\/05\/190524-titu-subvenciones-asociaciones.jpg","_links":{"self":[{"href":"https:\/\/informacionlocal.es\/de\/wp-json\/wp\/v2\/posts\/3925","targetHints":{"allow":["GET"]}}],"collection":[{"href":"https:\/\/informacionlocal.es\/de\/wp-json\/wp\/v2\/posts"}],"about":[{"href":"https:\/\/informacionlocal.es\/de\/wp-json\/wp\/v2\/types\/post"}],"author":[{"embeddable":true,"href":"https:\/\/informacionlocal.es\/de\/wp-json\/wp\/v2\/users\/1"}],"replies":[{"embeddable":true,"href":"https:\/\/informacionlocal.es\/de\/wp-json\/wp\/v2\/comments?post=3925"}],"version-history":[{"count":0,"href":"https:\/\/informacionlocal.es\/de\/wp-json\/wp\/v2\/posts\/3925\/revisions"}],"wp:featuredmedia":[{"embeddable":true,"href":"https:\/\/informacionlocal.es\/de\/wp-json\/wp\/v2\/media\/3922"}],"wp:attachment":[{"href":"https:\/\/informacionlocal.es\/de\/wp-json\/wp\/v2\/media?parent=3925"}],"wp:term":[{"taxonomy":"category","embeddable":true,"href":"https:\/\/informacionlocal.es\/de\/wp-json\/wp\/v2\/categories?post=3925"},{"taxonomy":"post_tag","embeddable":true,"href":"https:\/\/informacionlocal.es\/de\/wp-json\/wp\/v2\/tags?post=3925"}],"curies":[{"name":"wp","href":"https:\/\/api.w.org\/{rel}","templated":true}]}}