{"id":3914,"date":"2025-05-19T13:06:22","date_gmt":"2025-05-19T13:06:22","guid":{"rendered":"https:\/\/informacionlocal.es\/antiguas-wanderprogramm-reicht-von-apanada-bis-alto-del-jurado\/"},"modified":"2025-05-19T13:06:22","modified_gmt":"2025-05-19T13:06:22","slug":"antiguas-wanderprogramm-reicht-von-apanada-bis-alto-del-jurado","status":"publish","type":"post","link":"https:\/\/informacionlocal.es\/de\/antiguas-wanderprogramm-reicht-von-apanada-bis-alto-del-jurado\/","title":{"rendered":"Antiguas Wanderprogramm reicht von Apa\u00f1ada bis Alto del Jurado"},"content":{"rendered":"<div class=\"elementor-widget-container\">\n<p><strong>Antiguas Wanderprogramm reicht von Apa\u00f1ada bis Alto del Jurado<\/strong><\/p>\n<p><strong>&#8211; Die Anmeldung ist ab sofort bis einschlie\u00dflich Freitag, 23. Mai, \u00fcber das Teilnehmerregister m\u00f6glich.<\/strong><br \/><strong>&#8211; Die dritte Route schl\u00e4gt die Teilnahme an der Apa\u00f1ada vor, die in einer mittelschweren Wanderung von sechs Kilometern zum Gipfel des Jurado f\u00fchrt.  <\/strong><br \/><strong>&#8211; Die Anmeldung ist kostenlos und das Rathaus von Antigua sorgt f\u00fcr den Transport von Antigua zum Startpunkt der Route sowie f\u00fcr einen F\u00fchrer f\u00fcr die Route und den Endputz.<\/strong><\/p>\n<p>Das Rathaus von Antigua erinnert daran, dass die Anmeldefrist f\u00fcr die dritte Wanderroute &#8222;Antigua se mueve&#8220; noch bis einschlie\u00dflich n\u00e4chsten Freitag, den 23. Mai, l\u00e4uft.<\/p>\n<p>Die Anmeldung ist kostenlos und das Rathaus von Antigua sorgt f\u00fcr den Transport von Antigua zum Startpunkt der Route sowie f\u00fcr einen F\u00fchrer f\u00fcr die Route und den Endputz.<\/p>\n<p>Diese dritte von den Stadtr\u00e4ten f\u00fcr Jugend und Sport vorgeschlagene und organisierte Route, die von den Stadtr\u00e4ten Pedro Armas und Samuel Torres koordiniert wird, ist Teil des Programms &#8222;Antigua se mueve&#8220; und sieht eine vierst\u00fcndige Wanderung mit mittlerem Schwierigkeitsgrad am Samstag, den 14. Juni, vor, die bis zur Gambuesa auf dem Alto del Jurado f\u00fchrt und die f\u00fcr diesen Tag geplante Apa\u00f1ada begleitet.<\/p>\n<p>Ein Plan mit sieben gesunden Wanderungen mit unterschiedlichen Schwierigkeitsgraden und f\u00fcr alle Altersgruppen, der die Anreise von Antigua aus erleichtert, ein Team von F\u00fchrern bereitstellt, die jeden Schritt auf dem Weg erkl\u00e4ren, und ein abschlie\u00dfendes Mittagessen anbietet, um sich zu st\u00e4rken, erkl\u00e4rt der B\u00fcrgermeister Mat\u00edas Pe\u00f1a.<\/p>\n<p>Antigua se Mueve ist ein Programm mit insgesamt sieben Wanderungen, von denen die folgenden vorgeschlagen werden: Besteigung des Jurado, Wanderung von Valles de Ortega nach Tiscamanita auf einer Nachtroute, im Juli von Guisguey nach La Caldereta, im September von Antigua nach Agua de Bueyes und im Oktober von P\u00e1jara nach Card\u00f3n.<\/p>\n<\/div>\n","protected":false},"excerpt":{"rendered":"<p><strong>Antiguas Wanderprogramm reicht von Apa\u00f1ada bis Alto del Jurado<\/strong><\/p>\n","protected":false},"author":1,"featured_media":3910,"comment_status":"open","ping_status":"open","sticky":false,"template":"","format":"standard","meta":{"inline_featured_image":false,"jnews-multi-image_gallery":[],"jnews_single_post":[],"jnews_primary_category":[],"jnews_social_meta":[],"jnews_override_counter":[],"jnews_post_split":[],"footnotes":""},"categories":[283],"tags":[],"class_list":["post-3914","post","type-post","status-publish","format-standard","has-post-thumbnail","hentry","category-antigua-de"],"jetpack_featured_media_url":"https:\/\/informacionlocal.es\/wp-content\/uploads\/2025\/05\/antigua-se-echa-a-caminar-3-1.jpg","_links":{"self":[{"href":"https:\/\/informacionlocal.es\/de\/wp-json\/wp\/v2\/posts\/3914","targetHints":{"allow":["GET"]}}],"collection":[{"href":"https:\/\/informacionlocal.es\/de\/wp-json\/wp\/v2\/posts"}],"about":[{"href":"https:\/\/informacionlocal.es\/de\/wp-json\/wp\/v2\/types\/post"}],"author":[{"embeddable":true,"href":"https:\/\/informacionlocal.es\/de\/wp-json\/wp\/v2\/users\/1"}],"replies":[{"embeddable":true,"href":"https:\/\/informacionlocal.es\/de\/wp-json\/wp\/v2\/comments?post=3914"}],"version-history":[{"count":0,"href":"https:\/\/informacionlocal.es\/de\/wp-json\/wp\/v2\/posts\/3914\/revisions"}],"wp:featuredmedia":[{"embeddable":true,"href":"https:\/\/informacionlocal.es\/de\/wp-json\/wp\/v2\/media\/3910"}],"wp:attachment":[{"href":"https:\/\/informacionlocal.es\/de\/wp-json\/wp\/v2\/media?parent=3914"}],"wp:term":[{"taxonomy":"category","embeddable":true,"href":"https:\/\/informacionlocal.es\/de\/wp-json\/wp\/v2\/categories?post=3914"},{"taxonomy":"post_tag","embeddable":true,"href":"https:\/\/informacionlocal.es\/de\/wp-json\/wp\/v2\/tags?post=3914"}],"curies":[{"name":"wp","href":"https:\/\/api.w.org\/{rel}","templated":true}]}}