{"id":3901,"date":"2025-05-19T13:02:15","date_gmt":"2025-05-19T13:02:15","guid":{"rendered":"https:\/\/informacionlocal.es\/letzter-tag-fuer-die-beantragung-eines-tisches-fuer-den-baile-de-taifas-in-antigua\/"},"modified":"2025-05-19T13:02:15","modified_gmt":"2025-05-19T13:02:15","slug":"letzter-tag-fuer-die-beantragung-eines-tisches-fuer-den-baile-de-taifas-in-antigua","status":"publish","type":"post","link":"https:\/\/informacionlocal.es\/de\/letzter-tag-fuer-die-beantragung-eines-tisches-fuer-den-baile-de-taifas-in-antigua\/","title":{"rendered":"Letzter Tag f\u00fcr die Beantragung eines Tisches f\u00fcr den Baile de Taifas in Antigua"},"content":{"rendered":"<div class=\"elementor-widget-container\">\n<p><strong>Letzter Tag, um einen Tisch f\u00fcr den Taifas-Ball in Antigua zu reservieren<\/strong><br \/><strong>Letzte Tische f\u00fcr die Reservierung und Teilnahme am Baile de Taifas in Antigua<\/strong><\/p>\n<p><strong>&#8211; Diesen Dienstag, den 20. Mai, ist der letzte Tag, um die letzten Tische f\u00fcr den Baile de Taifas in Antigua zu reservieren.  <\/strong><br \/><strong>&#8211; Am Tag der Kanarischen Inseln, 30. Mai, auf der Plaza de Antigua von 13:00 bis 19:00 Uhr, Gran Baile de Taifas.  <\/strong><br \/><strong>&#8211; Die Anmeldung f\u00fcr einen Tisch muss im Rathaus von Antigua, Tenencia de Alcald\u00eda in Caleta de Fuste oder auf elektronischem Wege erfolgen.<\/strong><\/p>\n<p>Das Rathaus von Antigua, Abteilung Kultur, erinnert daran, dass an diesem Dienstag, dem 20. Mai, der letzte Tag ist, an dem man sich f\u00fcr einen Tisch auf der Plaza de Antigua bewerben kann, die f\u00fcr die Feierlichkeiten zum Tag der Kanarischen Inseln und dem dazugeh\u00f6rigen Baile de Taifas geschm\u00fcckt und dekoriert wird.<\/p>\n<p>Der D\u00eda de Canarias in Antigua zeichnet sich jedes Jahr durch eine enge und einladende Feier aus, bei der Familien, Freundeskreise und Nachbarn, Vereine und Verb\u00e4nde zu Gastgebern der Stadt werden, mit Tischen voller Calderos, Pucheros und kanarischen Gerichten, die immer besser schmecken, sagt der B\u00fcrgermeister Mat\u00edas Pe\u00f1a Garc\u00eda.<\/p>\n<p>Das von Antigua angebotene Programm findet tags\u00fcber statt, mit Darbietungen und einem folkloristischen Treffen von 13:00 bis 19:00 Uhr auf einem f\u00fcr diesen Anlass geschm\u00fcckten Platz. Es wird darum gebeten, in kanarischer Kleidung zu erscheinen, da man sich so am besten mit dem Brauch und der Tradition identifizieren kann, um diesen besonderen Tag der Kanarischen Inseln zu feiern.<\/p>\n<p>Die Bewerbungsfrist f\u00fcr Familien, Gruppen oder Vereine, die an der Teilnahme interessiert sind, l\u00e4uft noch bis Dienstag, den 20. Mai, erkl\u00e4rt der Stadtrat f\u00fcr Kultur, Jonathan Pe\u00f1a. Es gen\u00fcgt, den Namen des Bewerbers und die Anzahl der G\u00e4ste auf dem Bewerbungsformular anzugeben, das \u00fcber das Register f\u00fcr den Eintritt eingereicht werden muss.<\/p>\n<\/div>\n","protected":false},"excerpt":{"rendered":"<p><strong>Letzter Tag f\u00fcr die Beantragung eines Tisches f\u00fcr den Baile de Taifas in Antigua<\/strong><\/p>\n","protected":false},"author":1,"featured_media":3898,"comment_status":"open","ping_status":"open","sticky":false,"template":"","format":"standard","meta":{"inline_featured_image":false,"jnews-multi-image_gallery":[],"jnews_single_post":[],"jnews_primary_category":[],"jnews_social_meta":[],"jnews_override_counter":[],"jnews_post_split":[],"footnotes":""},"categories":[283],"tags":[],"class_list":["post-3901","post","type-post","status-publish","format-standard","has-post-thumbnail","hentry","category-antigua-de"],"jetpack_featured_media_url":"https:\/\/informacionlocal.es\/wp-content\/uploads\/2025\/05\/gran-baile-de-taifas-en-antigua-1-1-scaled-1.jpg","_links":{"self":[{"href":"https:\/\/informacionlocal.es\/de\/wp-json\/wp\/v2\/posts\/3901","targetHints":{"allow":["GET"]}}],"collection":[{"href":"https:\/\/informacionlocal.es\/de\/wp-json\/wp\/v2\/posts"}],"about":[{"href":"https:\/\/informacionlocal.es\/de\/wp-json\/wp\/v2\/types\/post"}],"author":[{"embeddable":true,"href":"https:\/\/informacionlocal.es\/de\/wp-json\/wp\/v2\/users\/1"}],"replies":[{"embeddable":true,"href":"https:\/\/informacionlocal.es\/de\/wp-json\/wp\/v2\/comments?post=3901"}],"version-history":[{"count":0,"href":"https:\/\/informacionlocal.es\/de\/wp-json\/wp\/v2\/posts\/3901\/revisions"}],"wp:featuredmedia":[{"embeddable":true,"href":"https:\/\/informacionlocal.es\/de\/wp-json\/wp\/v2\/media\/3898"}],"wp:attachment":[{"href":"https:\/\/informacionlocal.es\/de\/wp-json\/wp\/v2\/media?parent=3901"}],"wp:term":[{"taxonomy":"category","embeddable":true,"href":"https:\/\/informacionlocal.es\/de\/wp-json\/wp\/v2\/categories?post=3901"},{"taxonomy":"post_tag","embeddable":true,"href":"https:\/\/informacionlocal.es\/de\/wp-json\/wp\/v2\/tags?post=3901"}],"curies":[{"name":"wp","href":"https:\/\/api.w.org\/{rel}","templated":true}]}}