{"id":3876,"date":"2025-05-19T09:51:46","date_gmt":"2025-05-19T09:51:46","guid":{"rendered":"https:\/\/informacionlocal.es\/pajara-festigt-seine-position-als-eine-der-drei-gemeinden-der-kanarischen-inseln-mit-vier-mit-der-blauen-flagge-ausgezeichneten-straenden\/"},"modified":"2025-05-19T09:51:46","modified_gmt":"2025-05-19T09:51:46","slug":"pajara-festigt-seine-position-als-eine-der-drei-gemeinden-der-kanarischen-inseln-mit-vier-mit-der-blauen-flagge-ausgezeichneten-straenden","status":"publish","type":"post","link":"https:\/\/informacionlocal.es\/de\/pajara-festigt-seine-position-als-eine-der-drei-gemeinden-der-kanarischen-inseln-mit-vier-mit-der-blauen-flagge-ausgezeichneten-straenden\/","title":{"rendered":"P\u00e1jara festigt seine Position als eine der drei Gemeinden der Kanarischen Inseln mit vier mit der Blauen Flagge ausgezeichneten Str\u00e4nden."},"content":{"rendered":"<div class=\"entry-content\">\n<p><b><i>Die Str\u00e4nde von Morro Jable, El Matorral, Butihondo und Costa Calma sind weiterhin f\u00fcr ihre Qualit\u00e4t und Nachhaltigkeit bekannt.<\/i><\/b><\/p>\n<p><span>Die Gemeinde P\u00e1jara festigt ihre Position als Ma\u00dfstab f\u00fcr das Management und die Qualit\u00e4t ihrer K\u00fcstengebiete, indem sie die vier Blauen Flaggen, die an ihren Str\u00e4nden wehen, auch in der Ausgabe 2025 beibeh\u00e4lt. Diese von der Europ\u00e4ischen Stiftung f\u00fcr Umwelterziehung verliehene Anerkennung zeichnet jene Str\u00e4nde aus, die eine Reihe von Kriterien f\u00fcr Wasserqualit\u00e4t, Sicherheit, Umweltmanagement, Dienstleistungen und Information erf\u00fcllen.   <\/span><\/p>\n<p><span>Mit diesen Auszeichnungen bleibt P\u00e1jara eine von nur drei Gemeinden auf den gesamten Kanarischen Inseln, die \u00fcber vier Str\u00e4nde mit dieser Auszeichnung verf\u00fcgen. Damit wird das hohe Niveau der K\u00fcste konsolidiert und das kontinuierliche Engagement des Rathauses f\u00fcr die Erhaltung und Verbesserung der Naturr\u00e4ume bekr\u00e4ftigt.   <\/span><\/p>\n<p><span>Der Stadtrat f\u00fcr Str\u00e4nde, Raimundo Dacosta, hebt die kollektiven Anstrengungen hervor, die zur Erneuerung der blauen Flaggen unternommen wurden. &#8222;Wir haben in die Zug\u00e4nglichkeit, Sauberkeit, Sicherheit und Verbesserung der Dienstleistungen investiert. Die Str\u00e4nde der Stadt sind eine Quelle des Stolzes f\u00fcr alle und wir werden weiter daran arbeiten, dass sie ein Ma\u00dfstab bleiben&#8220;, f\u00fcgt er hinzu.   <\/span><\/p>\n<p><span>Der B\u00fcrgermeister von P\u00e1jara, Alejandro Jorge, unterstreicht seinerseits die Bedeutung von P\u00e1jara als erstklassiges Reiseziel und &#8222;unsere Str\u00e4nde sind eine unserer Hauptattraktionen&#8220;. &#8222;Damit bekr\u00e4ftigen wir unser Engagement f\u00fcr ein Tourismusmodell, das die Umwelt respektiert und uns ermutigt, bei der kontinuierlichen Verbesserung unserer Naturr\u00e4ume weiter voranzukommen&#8220;, sagt er.   <\/span><\/p>\n<p><span>Die Stadtverwaltung arbeitet entschlossen daran, nicht nur diese vier preisgekr\u00f6nten Str\u00e4nde, sondern den gesamten K\u00fcstenstreifen der Gemeinde zu verbessern. Zu den j\u00fcngsten Ma\u00dfnahmen geh\u00f6rt die Erneuerung der Informationstafeln, die den Zugang zu wichtigen Informationen f\u00fcr Einwohner und Besucher erleichtern. Dar\u00fcber hinaus wurde die Sicherheit durch die Erweiterung der \u00dcberwachungsanlagen verst\u00e4rkt, um die Reaktionsf\u00e4higkeit im Notfall zu verbessern und die Sicherheit der Nutzer und des Personals zu gew\u00e4hrleisten.    <\/span><\/p>\n<\/div>\n","protected":false},"excerpt":{"rendered":"<p><i>Die Str\u00e4nde von Morro Jable, El Matorral, Butihondo und Costa Calma sind weiterhin f\u00fcr ihre Qualit\u00e4t und Nachhaltigkeit bekannt.<\/i><\/p>\n","protected":false},"author":1,"featured_media":3874,"comment_status":"open","ping_status":"open","sticky":false,"template":"","format":"standard","meta":{"inline_featured_image":false,"jnews-multi-image_gallery":[],"jnews_single_post":[],"jnews_primary_category":[],"jnews_social_meta":[],"jnews_override_counter":[],"jnews_post_split":[],"footnotes":""},"categories":[297],"tags":[306,196],"class_list":["post-3876","post","type-post","status-publish","format-standard","has-post-thumbnail","hentry","category-pajara-de","tag-educacion-de","tag-gemeinden"],"jetpack_featured_media_url":"https:\/\/informacionlocal.es\/wp-content\/uploads\/2025\/05\/bandera-azul-e1747647209711.jpg","_links":{"self":[{"href":"https:\/\/informacionlocal.es\/de\/wp-json\/wp\/v2\/posts\/3876","targetHints":{"allow":["GET"]}}],"collection":[{"href":"https:\/\/informacionlocal.es\/de\/wp-json\/wp\/v2\/posts"}],"about":[{"href":"https:\/\/informacionlocal.es\/de\/wp-json\/wp\/v2\/types\/post"}],"author":[{"embeddable":true,"href":"https:\/\/informacionlocal.es\/de\/wp-json\/wp\/v2\/users\/1"}],"replies":[{"embeddable":true,"href":"https:\/\/informacionlocal.es\/de\/wp-json\/wp\/v2\/comments?post=3876"}],"version-history":[{"count":0,"href":"https:\/\/informacionlocal.es\/de\/wp-json\/wp\/v2\/posts\/3876\/revisions"}],"wp:featuredmedia":[{"embeddable":true,"href":"https:\/\/informacionlocal.es\/de\/wp-json\/wp\/v2\/media\/3874"}],"wp:attachment":[{"href":"https:\/\/informacionlocal.es\/de\/wp-json\/wp\/v2\/media?parent=3876"}],"wp:term":[{"taxonomy":"category","embeddable":true,"href":"https:\/\/informacionlocal.es\/de\/wp-json\/wp\/v2\/categories?post=3876"},{"taxonomy":"post_tag","embeddable":true,"href":"https:\/\/informacionlocal.es\/de\/wp-json\/wp\/v2\/tags?post=3876"}],"curies":[{"name":"wp","href":"https:\/\/api.w.org\/{rel}","templated":true}]}}