{"id":3866,"date":"2025-05-17T10:19:19","date_gmt":"2025-05-17T10:19:19","guid":{"rendered":"https:\/\/informacionlocal.es\/reitsportausstellungen-und-verbena-del-solajero-diesen-sonntag-bei-den-fiestas-de-los-alares\/"},"modified":"2025-05-17T10:19:19","modified_gmt":"2025-05-17T10:19:19","slug":"reitsportausstellungen-und-verbena-del-solajero-diesen-sonntag-bei-den-fiestas-de-los-alares","status":"publish","type":"post","link":"https:\/\/informacionlocal.es\/de\/reitsportausstellungen-und-verbena-del-solajero-diesen-sonntag-bei-den-fiestas-de-los-alares\/","title":{"rendered":"Reitsportausstellungen und Verbena del Solajero diesen Sonntag bei den Fiestas de Los Alares"},"content":{"rendered":"<div class=\"elementor-widget-container\">\n<p><strong>Reitsportausstellungen und Verbena del Solajero diesen Sonntag bei den Fiestas de Los Alares<\/strong><\/p>\n<p><strong>Los Alares feiert diesen Sonntag seine Fiestas zu Ehren von Nuestra Se\u00f1ora de La Caridad del Cobre mit Stil<\/strong><\/p>\n<p><strong>&#8211; Der Ausrufer der Stadt, Antonio Gonz\u00e1lez Santana, lie\u00df einige am\u00fcsante Momente Revue passieren und nannte viele abenteuerliche Freunde, die heute Nachbarn der Gemeinde sind.  <\/strong><br \/><strong>&#8211; Der B\u00fcrgermeister Mat\u00edas Pe\u00f1a begl\u00fcckw\u00fcnschte den Ausrufer und bat um einen Applaus und Zuspruch f\u00fcr den Nachbarn von Los Alares und Kommissar von Mancom\u00fan, Tom\u00e1s Acosta, der sich derzeit in einem schlechten Gesundheitszustand befindet.  <\/strong><br \/><strong>&#8211; Verbena del Solajero um 13:00 Uhr mit den Orchestern Estrella Latina, Jacomar, Grupo Bomba y su orquesta und Kandela.<\/strong><\/p>\n<p>An diesem Samstag feierte Los Alares die Romer\u00eda (Wallfahrt), indem sie ohne Eile und ohne Pause entlang der Schlucht Majada Blanca zum Dorfplatz wanderten, wo der Ausrufer der Fiestas 2025, Antonio Gonz\u00e1lez Santana, auf sie wartete. In Begleitung des Moderators und Freundes Jos\u00e9 Francisco Montesdeoca lie\u00df er einige lustige Momente Revue passieren und nannte zahlreiche Freunde aus Abenteuern, die heute Nachbarn der Gemeinde sind.<\/p>\n<p>B\u00fcrgermeister Mat\u00edas Pe\u00f1a begl\u00fcckw\u00fcnschte den Ausrufer und dankte ihm f\u00fcr die sch\u00f6ne Zeit, die er allen Anwesenden, Nachbarn, Freunden und Familienangeh\u00f6rigen beschert hatte, und bat um einen Applaus f\u00fcr Tom\u00e1s Acosta, Nachbar und Kommissar des Mancom\u00fan, und w\u00fcnschte ihm eine baldige Genesung von seinem schlechten Gesundheitszustand.<\/p>\n<p>Die Fiestas de Los Alares zu Ehren von Nuestra Se\u00f1ora de La Caridad del Cobre bieten laut dem Stadtrat f\u00fcr Festlichkeiten, Pedro Armas, am Sonntag, den 18. Mai, ein intensives Programm, das um 09:30 Uhr mit dem IV Encuentro Ecuestre Los Alares mit den St\u00e4llen Victoria und El Aceitunal beginnt, die an der Carrera Sortija teilnehmen werden.<\/p>\n<p>Der Stadtrat f\u00fcgte hinzu, dass um 11.00 Uhr eine Ausstellung und ein Rennen der Podencos stattfinden wird, die von der J\u00e4gervereinigung Fuerteventuras organisiert werden, gefolgt um 12.00 Uhr von einer Ausstellung von Lucha Canaria, an der auch die mutigeren Teilnehmer teilnehmen k\u00f6nnen.<\/p>\n<p>Und zum Abschluss, sagt Stadtrat Pedro Armas, die Gran Verbena del Solajero um 13:00 Uhr mit den Orchestern Estrella Latina, Jacomar, Grupo Bomba y su orquesta und Kandela.<\/p>\n<\/div>\n","protected":false},"excerpt":{"rendered":"<p><strong>Reitsportausstellungen und Verbena del Solajero diesen Sonntag bei den Fiestas de Los Alares<\/strong><\/p>\n","protected":false},"author":1,"featured_media":3862,"comment_status":"open","ping_status":"open","sticky":false,"template":"","format":"standard","meta":{"inline_featured_image":false,"jnews-multi-image_gallery":[],"jnews_single_post":[],"jnews_primary_category":[],"jnews_social_meta":[],"jnews_override_counter":[],"jnews_post_split":[],"footnotes":""},"categories":[283],"tags":[216],"class_list":["post-3866","post","type-post","status-publish","format-standard","has-post-thumbnail","hentry","category-antigua-de","tag-fuerteventura-de"],"jetpack_featured_media_url":"https:\/\/informacionlocal.es\/wp-content\/uploads\/2025\/05\/momentos-del-pregon-de-los-alares-2025-1.jpg","_links":{"self":[{"href":"https:\/\/informacionlocal.es\/de\/wp-json\/wp\/v2\/posts\/3866","targetHints":{"allow":["GET"]}}],"collection":[{"href":"https:\/\/informacionlocal.es\/de\/wp-json\/wp\/v2\/posts"}],"about":[{"href":"https:\/\/informacionlocal.es\/de\/wp-json\/wp\/v2\/types\/post"}],"author":[{"embeddable":true,"href":"https:\/\/informacionlocal.es\/de\/wp-json\/wp\/v2\/users\/1"}],"replies":[{"embeddable":true,"href":"https:\/\/informacionlocal.es\/de\/wp-json\/wp\/v2\/comments?post=3866"}],"version-history":[{"count":0,"href":"https:\/\/informacionlocal.es\/de\/wp-json\/wp\/v2\/posts\/3866\/revisions"}],"wp:featuredmedia":[{"embeddable":true,"href":"https:\/\/informacionlocal.es\/de\/wp-json\/wp\/v2\/media\/3862"}],"wp:attachment":[{"href":"https:\/\/informacionlocal.es\/de\/wp-json\/wp\/v2\/media?parent=3866"}],"wp:term":[{"taxonomy":"category","embeddable":true,"href":"https:\/\/informacionlocal.es\/de\/wp-json\/wp\/v2\/categories?post=3866"},{"taxonomy":"post_tag","embeddable":true,"href":"https:\/\/informacionlocal.es\/de\/wp-json\/wp\/v2\/tags?post=3866"}],"curies":[{"name":"wp","href":"https:\/\/api.w.org\/{rel}","templated":true}]}}