{"id":3841,"date":"2025-05-16T14:52:32","date_gmt":"2025-05-16T14:52:32","guid":{"rendered":"https:\/\/informacionlocal.es\/51-rally-de-senderos-de-la-palma-sind-die-einzigen-beiden-beifahrer-von-der-insel-la-palma-aus-antigua\/"},"modified":"2025-05-16T14:52:32","modified_gmt":"2025-05-16T14:52:32","slug":"51-rally-de-senderos-de-la-palma-sind-die-einzigen-beiden-beifahrer-von-der-insel-la-palma-aus-antigua","status":"publish","type":"post","link":"https:\/\/informacionlocal.es\/de\/51-rally-de-senderos-de-la-palma-sind-die-einzigen-beiden-beifahrer-von-der-insel-la-palma-aus-antigua\/","title":{"rendered":"51 Rally de Senderos de La Palma sind die einzigen beiden Beifahrer von der Insel La Palma aus Antigua."},"content":{"rendered":"<div class=\"elementor-widget-container\">\n<p><strong>51 Rally de Senderos de La Palma sind die einzigen beiden Beifahrer von der Insel La Palma aus Antigua.<\/strong><\/p>\n<p><strong>&#8211; Wieder auf der Strecke und unter den besten Teams der Kanarischen Inseln, die Beifahrer Jonathan Hern\u00e1ndez und Jordi Negr\u00edn, mit gro\u00dfen Motorenk\u00f6rpern und zusammen mit den Fahrern aus La Palma, Anibal de Luis bzw. Lorenzo Fortuny.<\/strong><\/p>\n<p>F\u00fcr alle Motorsportfans auf Antigua wird wieder einmal ein aufregender Rennsport auf einer unbefestigten Strecke geboten. Die bekannten Beifahrer Jonathan Hern\u00e1ndez und Jordi Negr\u00edn sind die einzigen Beifahrer von der Insel Mallorca, die an diesem Wochenende an der 51 Rallye de Senderos de La Palma teilnehmen, einer Veranstaltung, die zur kanarischen Meisterschaft z\u00e4hlt.<\/p>\n<p>Es bleibt nur noch, beiden Teams viel Gl\u00fcck zu w\u00fcnschen und vor allem diesen jungen Beifahrern aus Antigua, die vor keiner Herausforderung zur\u00fcckschrecken und zu den besten Teams der Kanarischen Inseln geh\u00f6ren, so der B\u00fcrgermeister Mat\u00edas Pe\u00f1a.<\/p>\n<p>M\u00f6gen ihre Berechnungen genau und pr\u00e4zise sein, sagt der Stadtrat f\u00fcr Sport, Samuel Torres, m\u00f6gen sie an den Schwierigkeiten wachsen und m\u00f6gen ihre Zeiten im Ziel so gut wie m\u00f6glich sein, damit sie feiern k\u00f6nnen, zuerst in La Palma mit ihren Teamkollegen und dann hier in Antigua, in ihrem Dorf, mit allen Motorsportfans, die wir willkommen hei\u00dfen.<\/p>\n<p>Beide Beifahrer sind pr\u00e4zise in ihren Berechnungen und riskant in ihren Kurven und Details der Strecken, die sie bei dieser Rallye de Senderos de La Palma mit ihren perfekt abgestimmten Karosserien befahren werden.<\/p>\n<p>Jonathan f\u00e4hrt mit dem Fahrer aus La Palma, An\u00edbal De Luis, in einem Porsche 997 GT3, und sein Beifahrer Jordi mit Lorenzo Fortuny, ebenfalls aus La Palma, der dieses Mal einen Renaul Clio III Cup f\u00e4hrt.<\/p>\n<p>Es ist das zweite Mal, dass wir ein Team bilden&#8220;, sagt Jonathan Hern\u00e1ndez in Bezug auf An\u00edbal, &#8222;und wir haben das Ziel, Spa\u00df zu haben und den Stachel des letzten gemeinsamen Rennens loszuwerden, als wir wegen mechanischer Probleme ausscheiden mussten.<\/p>\n<p>Jordi hingegen erinnert sich daran, dass sein Auto eine Rallye auf der Strecke testet. Die Aufregung wird also gro\u00df sein, denn wir werden von weniger zu mehr gehen und nach einer schnellen Anpassung des Autos an einige sehr komplizierte Abschnitte suchen.<\/p>\n<\/p>\n<\/div>\n","protected":false},"excerpt":{"rendered":"<p><strong>51 Rally de Senderos de La Palma sind die einzigen beiden Beifahrer von der Insel La Palma aus Antigua.<\/strong><\/p>\n","protected":false},"author":1,"featured_media":3838,"comment_status":"open","ping_status":"open","sticky":false,"template":"","format":"standard","meta":{"inline_featured_image":false,"jnews-multi-image_gallery":[],"jnews_single_post":[],"jnews_primary_category":[],"jnews_social_meta":[],"jnews_override_counter":[],"jnews_post_split":[],"footnotes":""},"categories":[283],"tags":[],"class_list":["post-3841","post","type-post","status-publish","format-standard","has-post-thumbnail","hentry","category-antigua-de"],"jetpack_featured_media_url":"https:\/\/informacionlocal.es\/wp-content\/uploads\/2025\/05\/los-copilotos-de-antigua-jonathan-y-jordi-entre-los-mejores-de-canarias.jpg","_links":{"self":[{"href":"https:\/\/informacionlocal.es\/de\/wp-json\/wp\/v2\/posts\/3841","targetHints":{"allow":["GET"]}}],"collection":[{"href":"https:\/\/informacionlocal.es\/de\/wp-json\/wp\/v2\/posts"}],"about":[{"href":"https:\/\/informacionlocal.es\/de\/wp-json\/wp\/v2\/types\/post"}],"author":[{"embeddable":true,"href":"https:\/\/informacionlocal.es\/de\/wp-json\/wp\/v2\/users\/1"}],"replies":[{"embeddable":true,"href":"https:\/\/informacionlocal.es\/de\/wp-json\/wp\/v2\/comments?post=3841"}],"version-history":[{"count":0,"href":"https:\/\/informacionlocal.es\/de\/wp-json\/wp\/v2\/posts\/3841\/revisions"}],"wp:featuredmedia":[{"embeddable":true,"href":"https:\/\/informacionlocal.es\/de\/wp-json\/wp\/v2\/media\/3838"}],"wp:attachment":[{"href":"https:\/\/informacionlocal.es\/de\/wp-json\/wp\/v2\/media?parent=3841"}],"wp:term":[{"taxonomy":"category","embeddable":true,"href":"https:\/\/informacionlocal.es\/de\/wp-json\/wp\/v2\/categories?post=3841"},{"taxonomy":"post_tag","embeddable":true,"href":"https:\/\/informacionlocal.es\/de\/wp-json\/wp\/v2\/tags?post=3841"}],"curies":[{"name":"wp","href":"https:\/\/api.w.org\/{rel}","templated":true}]}}