{"id":3829,"date":"2025-05-16T14:34:25","date_gmt":"2025-05-16T14:34:25","guid":{"rendered":"https:\/\/informacionlocal.es\/grundschulen-und-grundschulen-feiern-am-strand-von-la-guirra-einen-tag-des-miteinanders\/"},"modified":"2025-05-16T14:34:25","modified_gmt":"2025-05-16T14:34:25","slug":"grundschulen-und-grundschulen-feiern-am-strand-von-la-guirra-einen-tag-des-miteinanders","status":"publish","type":"post","link":"https:\/\/informacionlocal.es\/de\/grundschulen-und-grundschulen-feiern-am-strand-von-la-guirra-einen-tag-des-miteinanders\/","title":{"rendered":"Grundschulen und Grundschulen feiern am Strand von La Guirra einen Tag des Miteinanders"},"content":{"rendered":"<div class=\"elementor-widget-container\">\n<p><strong>Grundschulen und Grundschulen feiern am Strand von La Guirra einen Tag des Miteinanders<\/strong><\/p>\n<p><strong>&#8211; Einhundert Sch\u00fcler der 6. Klasse der Grundschule nehmen am Tag des Zusammenlebens am Strand von La Guirra in Caleta de Fuste teil.  <\/strong><br \/><strong>&#8211; Der Tag ist Teil des Bildungsprojekts der Schulen im Schulbezirk Antigua, Estela.<\/strong><\/p>\n<p>Der B\u00fcrgermeister Mat\u00edas Pe\u00f1a und die Stadtr\u00e4tin f\u00fcr Bildung Am\u00e9rica Soto Betancor begr\u00fc\u00dften die hundert Sch\u00fcler der 6. Klasse der Grundschule, die am Freitag, den 16. Mai vormittags am Tag der Koexistenz im CEIP El Castillo und am Strand La Guirra in Caleta de Fuste teilnahmen.<\/p>\n<p>Die Konferenz ist Teil des Estela-Projekts, das in diesem Jahr mehrere Aktivit\u00e4ten vorgeschlagen hat, an denen die Schulen Francisca P\u00e9rez in Triquivijate, Alcaldesa Amparo Torres in Betancuria, Gumersindo Martel in Valles de Santa In\u00e9s sowie die Grundschulen von Valles de Ortega, Ampuyenta, CEIP El Castillo und der CEO von Antigua teilgenommen und gemeinsam durchgef\u00fchrt haben.<\/p>\n<p>Zu den Projekten, die vom Estela-Projekt vorgeschlagen wurden, erkl\u00e4rt die Koordinatorin des Bezirks, Marta L. Torrent, und an denen die Bildungsgemeinschaft jedes der Zentren beteiligt war, mit allen Aktivit\u00e4ten, die immer in Gruppen, bei Treffen und im Zusammenleben durchgef\u00fchrt wurden, geh\u00f6ren unser Sternenbaum w\u00e4hrend des letzten Weihnachtsfestes, Carnavaleando mit Estela w\u00e4hrend des Monats Februar, das ebenfalls gemeinsame Projekt der Vorbereitung eines Buches mit kanarischen Rezepten und diesen Freitag der Tag des Zusammenlebens am Strand von El Castillo.<\/p>\n<\/div>\n","protected":false},"excerpt":{"rendered":"<p><strong>Grundschulen und Grundschulen feiern am Strand von La Guirra einen Tag des Miteinanders<\/strong><\/p>\n","protected":false},"author":1,"featured_media":3826,"comment_status":"open","ping_status":"open","sticky":false,"template":"","format":"standard","meta":{"inline_featured_image":false,"jnews-multi-image_gallery":[],"jnews_single_post":[],"jnews_primary_category":[],"jnews_social_meta":[],"jnews_override_counter":[],"jnews_post_split":[],"footnotes":""},"categories":[283],"tags":[306],"class_list":["post-3829","post","type-post","status-publish","format-standard","has-post-thumbnail","hentry","category-antigua-de","tag-educacion-de"],"jetpack_featured_media_url":"https:\/\/informacionlocal.es\/wp-content\/uploads\/2025\/05\/convivencia-escuelas-en-la-playa-del-castillo-con-el-proyecto-estela-4-scaled-1.jpg","_links":{"self":[{"href":"https:\/\/informacionlocal.es\/de\/wp-json\/wp\/v2\/posts\/3829","targetHints":{"allow":["GET"]}}],"collection":[{"href":"https:\/\/informacionlocal.es\/de\/wp-json\/wp\/v2\/posts"}],"about":[{"href":"https:\/\/informacionlocal.es\/de\/wp-json\/wp\/v2\/types\/post"}],"author":[{"embeddable":true,"href":"https:\/\/informacionlocal.es\/de\/wp-json\/wp\/v2\/users\/1"}],"replies":[{"embeddable":true,"href":"https:\/\/informacionlocal.es\/de\/wp-json\/wp\/v2\/comments?post=3829"}],"version-history":[{"count":0,"href":"https:\/\/informacionlocal.es\/de\/wp-json\/wp\/v2\/posts\/3829\/revisions"}],"wp:featuredmedia":[{"embeddable":true,"href":"https:\/\/informacionlocal.es\/de\/wp-json\/wp\/v2\/media\/3826"}],"wp:attachment":[{"href":"https:\/\/informacionlocal.es\/de\/wp-json\/wp\/v2\/media?parent=3829"}],"wp:term":[{"taxonomy":"category","embeddable":true,"href":"https:\/\/informacionlocal.es\/de\/wp-json\/wp\/v2\/categories?post=3829"},{"taxonomy":"post_tag","embeddable":true,"href":"https:\/\/informacionlocal.es\/de\/wp-json\/wp\/v2\/tags?post=3829"}],"curies":[{"name":"wp","href":"https:\/\/api.w.org\/{rel}","templated":true}]}}