{"id":3818,"date":"2025-05-16T13:53:54","date_gmt":"2025-05-16T13:53:54","guid":{"rendered":"https:\/\/informacionlocal.es\/start-des-projekts-der-staedtische-garten-meiner-schule-in-la-oliva\/"},"modified":"2025-05-16T13:53:54","modified_gmt":"2025-05-16T13:53:54","slug":"start-des-projekts-der-staedtische-garten-meiner-schule-in-la-oliva","status":"publish","type":"post","link":"https:\/\/informacionlocal.es\/de\/start-des-projekts-der-staedtische-garten-meiner-schule-in-la-oliva\/","title":{"rendered":"Start des Projekts &#8222;Der st\u00e4dtische Garten meiner Schule&#8220; in La Oliva"},"content":{"rendered":"<p>Das Rathaus von La Oliva startet \u00fcber die Abteilung f\u00fcr G\u00e4rten unter der Leitung von Ver\u00f3nica Saavedra den praktischen Teil des Programms &#8222;Der st\u00e4dtische Garten meiner Schule&#8220; mit den Sch\u00fclern des CEIP Lajares. Ziel dieses Projekts ist es, den Schulen der Gemeinde grundlegende Kenntnisse \u00fcber Gartenarbeit, die nat\u00fcrliche Umwelt und Umweltbewusstsein zu vermitteln. Nach einem ersten theoretischen Unterricht durch den Gartentechniker des Konsistoriums begannen die Sch\u00fcler heute mit der Umsetzung dessen, was sie in dem Workshop \u00fcber Gartenarbeit gelernt hatten.    <\/p>\n<p>Die Kinder konnten einen Vormittag in direktem Kontakt mit der nat\u00fcrlichen Umgebung in einer der Gr\u00fcnanlagen am Eingang der Stadt verbringen. Guaydil, Dimorphoteca, Espina de Cristo, Callistemon, Jacaranda, Gauras und Santasnoches waren einige der Pflanzen, die sie in diesen f\u00fcr die Schule bestimmten Bereich pflanzen sollten.   <\/p>\n<p>Der B\u00fcrgermeister von La Oliva, Isa\u00ed Blanco, sagt: &#8222;Durch diesen Workshop k\u00f6nnen wir die oft vernachl\u00e4ssigte Arbeit des G\u00e4rtnerns zu den j\u00fcngsten Kindern bringen. In diesem Sinne erhalten die Sch\u00fcler der verschiedenen Schulen der Gemeinde nicht nur eine theoretische Ausbildung, sondern auch eine praktische Ausbildung \u00fcber die Pflanzenwelt und die Anlage und Pflege ihres eigenen Gartens, wodurch der Unterricht aus dem Klassenzimmer herausgenommen wird. Auf diese Weise bringen wir unsere Kinder in direkten Kontakt mit der Natur, die Teilnahme und Zusammenarbeit mit ihren Klassenkameraden sowie die Freude am Lernen jenseits der B\u00fccher&#8220;.  <\/p>\n<p>Die Stadtr\u00e4tin f\u00fcr G\u00e4rten, Ver\u00f3nica Saavedra, unterstreicht ihrerseits den Wunsch, den J\u00fcngsten Gartenwissen zu vermitteln: &#8222;Wir von der Stadtverwaltung halten dieses Programm f\u00fcr die beste M\u00f6glichkeit, den Kindern der Gemeinde Grundkenntnisse zu vermitteln. Mit &#8218;Der urbane Garten meiner Schule&#8216; gelingt es uns, zwei Wissensbereiche abzudecken, zum einen den theoretischen Teil, in dem wir \u00fcber die Art der Pflanzen, die f\u00fcr die Anpflanzung in der Gemeinde geeignet sind, oder die notwendige Pflege, die sie erhalten sollten, unterrichten, zum anderen aber auch den rein praktischen Teil. Das Ziel ist, dass die Sch\u00fcler die nat\u00fcrliche Umgebung genie\u00dfen, einen ersten Kontakt mit der Gartenarbeit haben und sich daran erinnern, wie wichtig es ist, die Umwelt um sie herum zu pflegen.  <\/p>\n<p>Dieser Workshop wird mit seinem theoretischen und praktischen Teil in den Schulen von La Oliva, Tindaya, Parque Natural und El Tost\u00f3n de El Cotillo fortgesetzt. Au\u00dferdem wird in dem von jeder Schule gestalteten Garten eine Gedenktafel zur Erinnerung an diese Aktion angebracht, so dass die Arbeit dieser Kinder \u00fcber die Zeit erhalten bleibt. <\/p>\n","protected":false},"excerpt":{"rendered":"<p><span>Die Sch\u00fcler der 3. und 4. Klasse des CEIP Lajares weihen ein Programm ein, das den Kindern der Gemeinde Gartenarbeit, Natur und Partizipation n\u00e4her bringen soll.<\/span><\/p>\n","protected":false},"author":1,"featured_media":3814,"comment_status":"open","ping_status":"open","sticky":false,"template":"","format":"standard","meta":{"inline_featured_image":false,"jnews-multi-image_gallery":[],"jnews_single_post":[],"jnews_primary_category":[],"jnews_social_meta":[],"jnews_override_counter":[],"jnews_post_split":[],"footnotes":""},"categories":[291],"tags":[199],"class_list":["post-3818","post","type-post","status-publish","format-standard","has-post-thumbnail","hentry","category-la-oliva-de","tag-umwelt"],"jetpack_featured_media_url":"https:\/\/informacionlocal.es\/wp-content\/uploads\/2025\/05\/5197_49c99ea5.png","_links":{"self":[{"href":"https:\/\/informacionlocal.es\/de\/wp-json\/wp\/v2\/posts\/3818","targetHints":{"allow":["GET"]}}],"collection":[{"href":"https:\/\/informacionlocal.es\/de\/wp-json\/wp\/v2\/posts"}],"about":[{"href":"https:\/\/informacionlocal.es\/de\/wp-json\/wp\/v2\/types\/post"}],"author":[{"embeddable":true,"href":"https:\/\/informacionlocal.es\/de\/wp-json\/wp\/v2\/users\/1"}],"replies":[{"embeddable":true,"href":"https:\/\/informacionlocal.es\/de\/wp-json\/wp\/v2\/comments?post=3818"}],"version-history":[{"count":0,"href":"https:\/\/informacionlocal.es\/de\/wp-json\/wp\/v2\/posts\/3818\/revisions"}],"wp:featuredmedia":[{"embeddable":true,"href":"https:\/\/informacionlocal.es\/de\/wp-json\/wp\/v2\/media\/3814"}],"wp:attachment":[{"href":"https:\/\/informacionlocal.es\/de\/wp-json\/wp\/v2\/media?parent=3818"}],"wp:term":[{"taxonomy":"category","embeddable":true,"href":"https:\/\/informacionlocal.es\/de\/wp-json\/wp\/v2\/categories?post=3818"},{"taxonomy":"post_tag","embeddable":true,"href":"https:\/\/informacionlocal.es\/de\/wp-json\/wp\/v2\/tags?post=3818"}],"curies":[{"name":"wp","href":"https:\/\/api.w.org\/{rel}","templated":true}]}}