{"id":3794,"date":"2025-05-16T13:25:12","date_gmt":"2025-05-16T13:25:12","guid":{"rendered":"https:\/\/informacionlocal.es\/saitentanz-am-sonntag-im-seniorenzentrum-von-antigua\/"},"modified":"2025-05-16T13:25:12","modified_gmt":"2025-05-16T13:25:12","slug":"saitentanz-am-sonntag-im-seniorenzentrum-von-antigua","status":"publish","type":"post","link":"https:\/\/informacionlocal.es\/de\/saitentanz-am-sonntag-im-seniorenzentrum-von-antigua\/","title":{"rendered":"Saitentanz am Sonntag im Seniorenzentrum von Antigua"},"content":{"rendered":"<div class=\"elementor-widget-container\">\n<p><strong>Saitentanz am Sonntag im Seniorenzentrum von Antigua<\/strong><\/p>\n<p><strong>&#8211; Vor dem Baile de Cuerdas am Sonntagnachmittag gibt es um 14.00 Uhr eine Vorspeise und eine Verkostung des Sancocho Canario.  <\/strong><br \/><strong>&#8211; Es wird gebeten, in kanarischer Kleidung zu erscheinen, um an den Veranstaltungen und Terminen teilzunehmen, mit denen in diesem Monat der Tag der Kanarischen Inseln begangen wird.<\/strong><\/p>\n<p>Das Rathaus von der Abteilung f\u00fcr Soziale Dienste \u00f6ffnet die T\u00fcren des Seniorenzentrums wie jedes Wochenende, um den Tanz und die Musik zu genie\u00dfen, dieses Mal der kanarischen Folklore mit den rondallas de mayores de Gran Canaria und Antigua, k\u00fcndigt der B\u00fcrgermeister, Matias Pe\u00f1a, ein Termin, der zu den vielen, die genie\u00dfen und bieten in dieser Gemeinde zu unseren \u00c4lteren.<\/p>\n<p>Das Sozialamt organisiert diesen Baile de Cuerdas am Nachmittag ab 16:00 Uhr, sagt Stadtr\u00e4tin Am\u00e9rica Soto. Zuvor wird um 14:00 Uhr ein Toast f\u00fcr die \u00e4lteren Menschen von Antigua mit kanarischen Vorspeisen, darunter sancocho canario (kanarischer Eintopf), gereicht.<\/p>\n<p>Die \u00e4lteren B\u00fcrger Antiguas sind eingeladen, bis die Kapazit\u00e4t des Zentrums erreicht ist, und wir ermutigen sie, in kanarischer Kleidung zu kommen, denn das ist die beste Art, dieses j\u00e4hrliche und typisch kanarische Ereignis zu genie\u00dfen und zu feiern, bei dem die Musik der Rondallas im Baile de Cuerdas daf\u00fcr sorgen wird, dass wir diesen Sonntagnachmittag in einer guten Atmosph\u00e4re, mit Freunden und Nachbarn genie\u00dfen.<\/p>\n<\/p>\n<\/div>\n","protected":false},"excerpt":{"rendered":"<p><strong>Saitentanz am Sonntag im Seniorenzentrum von Antigua<\/strong><\/p>\n","protected":false},"author":1,"featured_media":3790,"comment_status":"open","ping_status":"open","sticky":false,"template":"","format":"standard","meta":{"inline_featured_image":false,"jnews-multi-image_gallery":[],"jnews_single_post":[],"jnews_primary_category":[],"jnews_social_meta":[],"jnews_override_counter":[],"jnews_post_split":[],"footnotes":""},"categories":[283],"tags":[303],"class_list":["post-3794","post","type-post","status-publish","format-standard","has-post-thumbnail","hentry","category-antigua-de","tag-eventos-de"],"jetpack_featured_media_url":"https:\/\/informacionlocal.es\/wp-content\/uploads\/2025\/05\/alcalde-saluda-a-los-vecinos-mas-mayores-de-antigua.jpg","_links":{"self":[{"href":"https:\/\/informacionlocal.es\/de\/wp-json\/wp\/v2\/posts\/3794","targetHints":{"allow":["GET"]}}],"collection":[{"href":"https:\/\/informacionlocal.es\/de\/wp-json\/wp\/v2\/posts"}],"about":[{"href":"https:\/\/informacionlocal.es\/de\/wp-json\/wp\/v2\/types\/post"}],"author":[{"embeddable":true,"href":"https:\/\/informacionlocal.es\/de\/wp-json\/wp\/v2\/users\/1"}],"replies":[{"embeddable":true,"href":"https:\/\/informacionlocal.es\/de\/wp-json\/wp\/v2\/comments?post=3794"}],"version-history":[{"count":0,"href":"https:\/\/informacionlocal.es\/de\/wp-json\/wp\/v2\/posts\/3794\/revisions"}],"wp:featuredmedia":[{"embeddable":true,"href":"https:\/\/informacionlocal.es\/de\/wp-json\/wp\/v2\/media\/3790"}],"wp:attachment":[{"href":"https:\/\/informacionlocal.es\/de\/wp-json\/wp\/v2\/media?parent=3794"}],"wp:term":[{"taxonomy":"category","embeddable":true,"href":"https:\/\/informacionlocal.es\/de\/wp-json\/wp\/v2\/categories?post=3794"},{"taxonomy":"post_tag","embeddable":true,"href":"https:\/\/informacionlocal.es\/de\/wp-json\/wp\/v2\/tags?post=3794"}],"curies":[{"name":"wp","href":"https:\/\/api.w.org\/{rel}","templated":true}]}}