{"id":3781,"date":"2025-05-16T12:33:16","date_gmt":"2025-05-16T12:33:16","guid":{"rendered":"https:\/\/informacionlocal.es\/wallfahrt-und-proklamation-eroeffnen-das-los-alares-festival-zu-ehren-der-madonna-de-la-caridad-del-cobre\/"},"modified":"2025-05-16T12:33:16","modified_gmt":"2025-05-16T12:33:16","slug":"wallfahrt-und-proklamation-eroeffnen-das-los-alares-festival-zu-ehren-der-madonna-de-la-caridad-del-cobre","status":"publish","type":"post","link":"https:\/\/informacionlocal.es\/de\/wallfahrt-und-proklamation-eroeffnen-das-los-alares-festival-zu-ehren-der-madonna-de-la-caridad-del-cobre\/","title":{"rendered":"Wallfahrt und Proklamation er\u00f6ffnen das Los Alares Festival zu Ehren der Madonna de la Caridad del Cobre"},"content":{"rendered":"<div class=\"elementor-widget-container\">\n<p><strong>Wallfahrt und Proklamation er\u00f6ffnen das Los Alares Festival zu Ehren der Madonna de la Caridad del Cobre<\/strong><\/p>\n<p><strong>&#8211; D. Antonio Gonz\u00e1lez Santana begr\u00fc\u00dft die Romer\u00eda heute Abend mit einer pers\u00f6nlichen und anekdotischen Proklamation der Festlichkeiten, in der er die Zeiten von heute und gestern vergleicht.  <\/strong><br \/><strong>&#8211; In der Gran Verbena treten am Samstagabend die Gruppen N-Klave, DJ Abi\u00e1n Reyes und die Gruppe Kalibre auf, und am Sonntag in der Verbena del Solajero die Orchester Estrella Latina, Jacomar und Grupo Bomba y su orquesta sowie die Gruppe Kandela.<\/strong><\/p>\n<p>An diesem Freitag, dem 16., um 19.00 Uhr, f\u00fchrt die Wallfahrt entlang der Schlucht Majada Blanca zur Plaza de Los Alares, wo um 21.00 Uhr die Er\u00f6ffnungsrede von Antonio Gonz\u00e1lez Santana und ein Baile de Taifas unter Beteiligung der Folkloregruppen des Centro de Mayores de Antigua und El Campillo stattfinden werden.<\/p>\n<p>Los Alares feiert an diesem Wochenende seine Fiestas zu Ehren von Nuestra Se\u00f1ora de La Caridad del Cobre, mit einem intensiven Programm, das eine Wallfahrt, folkloristische Darbietungen, Kinderspiele, sagt der Stadtrat f\u00fcr Feste, Pedro Armas, sowie eine gro\u00dfe Verbena bis in die fr\u00fchen Morgenstunden und Verbena del Solajero, und nat\u00fcrlich die Prozession zu Ehren von Nuestra Se\u00f1ora de la Caridad del Cobre, f\u00fcgt der Stadtrat hinzu.<\/p>\n<p>Die Fiesta de Los Alares ist partizipativ, familienorientiert und unterhaltsam, sagt B\u00fcrgermeister Mat\u00edas Pe\u00f1a, und ich hoffe nur, dass die Gastgeber und alle Freunde, die daran teilnehmen, Spa\u00df daran haben. Er f\u00fcgt hinzu, dass es in den fr\u00fchen Morgenstunden des Freitags, Samstags und Sonntagnachmittags einen speziellen Taxidienst geben wird.<\/p>\n<p>An diesem Samstag, dem 17., ist der Vormittag ab 11:00 Uhr den Spielen f\u00fcr Kinder gewidmet, mit Luftballondrehen, Gesichtsbemalung, Matten und Schaumstoffkanonen, um Spa\u00df zu haben, erkl\u00e4rt Stadtrat Armas. Am Abend ab 19:00 Uhr finden die Gottesdienste und die Prozession zu Ehren von Nuestra Se\u00f1ora de La Caridad del Cobre statt, begleitet von der Parranda Juan Pe\u00f1a.<\/p>\n<p>Bei der Gran Verbena am Samstagabend treten die Gruppen N-Klave, DJ Abi\u00e1n Reyes und die Gruppe Kalibre auf, und am Sonntag bei der Verbena del Solajero ab 13:00 Uhr die Orchester Estrella Latina, Jacomar und Grupo Bomba y su orquesta sowie die Gruppe Kandela.<\/p>\n<\/div>\n","protected":false},"excerpt":{"rendered":"<p><strong>Wallfahrt und Proklamation er\u00f6ffnen das Los Alares Festival zu Ehren der Madonna de la Caridad del Cobre<\/strong><\/p>\n","protected":false},"author":1,"featured_media":3778,"comment_status":"open","ping_status":"open","sticky":false,"template":"","format":"standard","meta":{"inline_featured_image":false,"jnews-multi-image_gallery":[],"jnews_single_post":[],"jnews_primary_category":[],"jnews_social_meta":[],"jnews_override_counter":[],"jnews_post_split":[],"footnotes":""},"categories":[283],"tags":[],"class_list":["post-3781","post","type-post","status-publish","format-standard","has-post-thumbnail","hentry","category-antigua-de"],"jetpack_featured_media_url":"https:\/\/informacionlocal.es\/wp-content\/uploads\/2025\/05\/fiesta-los-alares-2025.jpg","_links":{"self":[{"href":"https:\/\/informacionlocal.es\/de\/wp-json\/wp\/v2\/posts\/3781","targetHints":{"allow":["GET"]}}],"collection":[{"href":"https:\/\/informacionlocal.es\/de\/wp-json\/wp\/v2\/posts"}],"about":[{"href":"https:\/\/informacionlocal.es\/de\/wp-json\/wp\/v2\/types\/post"}],"author":[{"embeddable":true,"href":"https:\/\/informacionlocal.es\/de\/wp-json\/wp\/v2\/users\/1"}],"replies":[{"embeddable":true,"href":"https:\/\/informacionlocal.es\/de\/wp-json\/wp\/v2\/comments?post=3781"}],"version-history":[{"count":0,"href":"https:\/\/informacionlocal.es\/de\/wp-json\/wp\/v2\/posts\/3781\/revisions"}],"wp:featuredmedia":[{"embeddable":true,"href":"https:\/\/informacionlocal.es\/de\/wp-json\/wp\/v2\/media\/3778"}],"wp:attachment":[{"href":"https:\/\/informacionlocal.es\/de\/wp-json\/wp\/v2\/media?parent=3781"}],"wp:term":[{"taxonomy":"category","embeddable":true,"href":"https:\/\/informacionlocal.es\/de\/wp-json\/wp\/v2\/categories?post=3781"},{"taxonomy":"post_tag","embeddable":true,"href":"https:\/\/informacionlocal.es\/de\/wp-json\/wp\/v2\/tags?post=3781"}],"curies":[{"name":"wp","href":"https:\/\/api.w.org\/{rel}","templated":true}]}}