{"id":3769,"date":"2025-05-16T12:01:29","date_gmt":"2025-05-16T12:01:29","guid":{"rendered":"https:\/\/informacionlocal.es\/das-rathaus-von-pajara-hebt-das-eingreifen-der-oertlichen-polizei-bei-der-verhaftung-von-zwei-verdaechtigen-wegen-raubes-hervor\/"},"modified":"2025-05-16T12:01:29","modified_gmt":"2025-05-16T12:01:29","slug":"das-rathaus-von-pajara-hebt-das-eingreifen-der-oertlichen-polizei-bei-der-verhaftung-von-zwei-verdaechtigen-wegen-raubes-hervor","status":"publish","type":"post","link":"https:\/\/informacionlocal.es\/de\/das-rathaus-von-pajara-hebt-das-eingreifen-der-oertlichen-polizei-bei-der-verhaftung-von-zwei-verdaechtigen-wegen-raubes-hervor\/","title":{"rendered":"Das Rathaus von P\u00e1jara hebt das Eingreifen der \u00f6rtlichen Polizei bei der Verhaftung von zwei Verd\u00e4chtigen wegen Raubes hervor."},"content":{"rendered":"<div class=\"entry-content\">\n<p><span>Die \u00f6rtliche Polizei von P\u00e1jara informiert \u00fcber die Verhaftung von zwei Personen, die an einem Raub\u00fcberfall beteiligt waren, der im Laufe des vergangenen Mittwochs, 14. Mai, in der Gemeinde Costa Calma begangen wurde.  <\/span><\/p>\n<p><span>Dank des schnellen Eingreifens der Beamten konnten die mutma\u00dflichen T\u00e4ter noch am selben Tag, wenige Stunden nach den Vorf\u00e4llen, ausfindig gemacht und festgenommen werden. Bei der Polizeiaktion wurden verschiedene gestohlene Gegenst\u00e4nde sichergestellt, die im Rahmen der laufenden Ermittlungen analysiert werden.   <\/span><\/p>\n<p><span>Die Festgenommenen wurden der Guardia Civil \u00fcbergeben, die die Ermittlungen zur vollst\u00e4ndigen Aufkl\u00e4rung des Vorfalls fortsetzt.  <\/span><\/p>\n<p><span>Der Stadtrat f\u00fcr Sicherheit und Notf\u00e4lle, Raimundo Dacosta, \u00e4u\u00dferte sich positiv \u00fcber die Wirksamkeit dieses Polizeieinsatzes und betonte &#8222;das Engagement der st\u00e4dtischen Sicherheitskr\u00e4fte f\u00fcr den Schutz der Einwohner der Gemeinde&#8220;.  <\/span><\/p>\n<p><span>Der Stadtrat bedankte sich auch f\u00fcr die Zusammenarbeit mit der Bev\u00f6lkerung, die &#8222;entscheidend zur Identifizierung des Fahrzeugs beigetragen hat, in dem die Beteiligten unterwegs waren&#8220;, wodurch ihre Auffindung und anschlie\u00dfende Festnahme beschleunigt werden konnte. Diese Art der Zusammenarbeit zwischen B\u00fcrgern und Sicherheitskr\u00e4ften ist der Schl\u00fcssel zur Aufrechterhaltung der Sicherheit in der Gemeinde.   <\/span><\/p>\n<\/p>\n<\/div>\n","protected":false},"excerpt":{"rendered":"<p>Die \u00f6rtliche Polizei von P\u00e1jara informiert \u00fcber die Verhaftung von zwei Personen, die an einem Raub\u00fcberfall beteiligt waren, der im Laufe des vergangenen Mittwochs, 14. Mai, in der Gemeinde Costa [&hellip;]<\/p>\n","protected":false},"author":1,"featured_media":3766,"comment_status":"open","ping_status":"open","sticky":false,"template":"","format":"standard","meta":{"inline_featured_image":false,"jnews-multi-image_gallery":[],"jnews_single_post":[],"jnews_primary_category":[],"jnews_social_meta":[],"jnews_override_counter":[],"jnews_post_split":[],"footnotes":""},"categories":[297],"tags":[],"class_list":["post-3769","post","type-post","status-publish","format-standard","has-post-thumbnail","hentry","category-pajara-de"],"jetpack_featured_media_url":"https:\/\/informacionlocal.es\/wp-content\/uploads\/2025\/05\/policia-local-1-e1747394305144.png","_links":{"self":[{"href":"https:\/\/informacionlocal.es\/de\/wp-json\/wp\/v2\/posts\/3769","targetHints":{"allow":["GET"]}}],"collection":[{"href":"https:\/\/informacionlocal.es\/de\/wp-json\/wp\/v2\/posts"}],"about":[{"href":"https:\/\/informacionlocal.es\/de\/wp-json\/wp\/v2\/types\/post"}],"author":[{"embeddable":true,"href":"https:\/\/informacionlocal.es\/de\/wp-json\/wp\/v2\/users\/1"}],"replies":[{"embeddable":true,"href":"https:\/\/informacionlocal.es\/de\/wp-json\/wp\/v2\/comments?post=3769"}],"version-history":[{"count":0,"href":"https:\/\/informacionlocal.es\/de\/wp-json\/wp\/v2\/posts\/3769\/revisions"}],"wp:featuredmedia":[{"embeddable":true,"href":"https:\/\/informacionlocal.es\/de\/wp-json\/wp\/v2\/media\/3766"}],"wp:attachment":[{"href":"https:\/\/informacionlocal.es\/de\/wp-json\/wp\/v2\/media?parent=3769"}],"wp:term":[{"taxonomy":"category","embeddable":true,"href":"https:\/\/informacionlocal.es\/de\/wp-json\/wp\/v2\/categories?post=3769"},{"taxonomy":"post_tag","embeddable":true,"href":"https:\/\/informacionlocal.es\/de\/wp-json\/wp\/v2\/tags?post=3769"}],"curies":[{"name":"wp","href":"https:\/\/api.w.org\/{rel}","templated":true}]}}