{"id":3705,"date":"2025-05-16T00:24:24","date_gmt":"2025-05-16T00:24:24","guid":{"rendered":"https:\/\/informacionlocal.es\/eroeffnung-der-fotoausstellung-puerto-del-rosario-des-majorero-kuenstlers-rafael-morales\/"},"modified":"2025-05-16T00:24:24","modified_gmt":"2025-05-16T00:24:24","slug":"eroeffnung-der-fotoausstellung-puerto-del-rosario-des-majorero-kuenstlers-rafael-morales","status":"publish","type":"post","link":"https:\/\/informacionlocal.es\/de\/eroeffnung-der-fotoausstellung-puerto-del-rosario-des-majorero-kuenstlers-rafael-morales\/","title":{"rendered":"Er\u00f6ffnung der Fotoausstellung &#8218;Puerto del Rosario&#8216; des Majorero-K\u00fcnstlers Rafael Morales"},"content":{"rendered":"<div class=\"entry-content\">\n<div class=\"xdj266r x11i5rnm xat24cr x1mh8g0r x1vvkbs x126k92a\">\n<div dir=\"auto\">Rafael Morales pr\u00e4sentierte am Donnerstagnachmittag, 15. Mai, in der Casa de la Cultura seine neue Fotoausstellung, eine visuelle Hommage an Puerto del Rosario und seine K\u00fcnstler.<\/div>\n<\/div>\n<div class=\"x11i5rnm xat24cr x1mh8g0r x1vvkbs xtlvy1s x126k92a\">\n<div dir=\"auto\">Der bekannte Majorero-Fotograf Rafael Morales kehrt mit einer neuen Ausstellung in die Casa de la Cultura in Puerto del Rosario zur\u00fcck, die \u00fcber das Bild hinausgeht und zu einem emotionalen und kulturellen Zeugnis einer ganzen Stadt wird: &#8222;Puerto del Rosario&#8220;, wo er Fotografien pr\u00e4sentiert, die Fragmente des Lebens, Ecken mit Seele und Gesichter einfangen, die den menschlichen Herzschlag der Hauptstadt Puerto del Rosario&#8220; definieren.<\/div>\n<\/div>\n<div class=\"x11i5rnm xat24cr x1mh8g0r x1vvkbs xtlvy1s x126k92a\">\n<div dir=\"auto\"><span class=\"html-span xexx8yu x4uap5 x18d9i69 xkhd6sd x1hl2dhg x16tdsg8 x1vvkbs x3nfvp2 x1j61x8r x1fcty0u xdj266r xat24cr xgzva0m xhhsvwb xxymvpz xlup9mm x1kky2od\"><img loading=\"lazy\" decoding=\"async\" loading=\"lazy\" class=\"xz74otr x168nmei x13lgxp2 x5pf9jr xo71vjh\" src=\"https:\/\/informacionlocal.es\/wp-content\/uploads\/2025\/05\/1f5e3-1.png\" alt=\"\ud83d\udde3\" width=\"16\" height=\"16\" title=\"1f5e3-1\"><\/span>  Der Stadtrat f\u00fcr Kultur, Juan Manuel Verdugo, begl\u00fcckw\u00fcnschte den Fotografen aus Majorero f\u00fcr die Ausstellung, das gew\u00e4hlte Thema und die Qualit\u00e4t seiner Arbeiten und lud die Besucher ein, die Ausstellung zu besuchen.<\/div>\n<\/div>\n<div class=\"x11i5rnm xat24cr x1mh8g0r x1vvkbs xtlvy1s x126k92a\">\n<div dir=\"auto\"><span class=\"html-span xexx8yu x4uap5 x18d9i69 xkhd6sd x1hl2dhg x16tdsg8 x1vvkbs x3nfvp2 x1j61x8r x1fcty0u xdj266r xat24cr xgzva0m xhhsvwb xxymvpz xlup9mm x1kky2od\"><img loading=\"lazy\" decoding=\"async\" loading=\"lazy\" class=\"xz74otr x168nmei x13lgxp2 x5pf9jr xo71vjh\" src=\"https:\/\/informacionlocal.es\/wp-content\/uploads\/2025\/05\/1f5e3-1.png\" alt=\"\ud83d\udde3\" width=\"16\" height=\"16\" title=\"1f5e3-1\"><\/span>  &#8222;Dieses Projekt wurde geboren, um viele Menschen zu w\u00fcrdigen und zu ehren&#8220;, sagt Morales.<\/div>\n<\/div>\n<div class=\"x11i5rnm xat24cr x1mh8g0r x1vvkbs xtlvy1s x126k92a\">\n<div dir=\"auto\">&#8222;Nicht nur denjenigen, die auf den Bildern oder im Video zur Ausstellung zu sehen sind, sondern auch allen K\u00fcnstlern, die mit ihren Werken diese Stadt versch\u00f6nern, in der ich seit 40 Jahren im Stadtteil Los Pozos wohne&#8220;.<\/div>\n<\/div>\n<div class=\"x11i5rnm xat24cr x1mh8g0r x1vvkbs xtlvy1s x126k92a\">\n<div dir=\"auto\">Casa de la Cultura de Puerto del Rosario (gegen\u00fcber der Stadtbibliothek).<\/div>\n<div dir=\"auto\">C\/ Ramiro de Maeztu, 2.<\/div>\n<\/div>\n<div class=\"x11i5rnm xat24cr x1mh8g0r x1vvkbs xtlvy1s x126k92a\">\n<div dir=\"auto\">Besuche der Ausstellungen:<\/div>\n<\/div>\n<div class=\"x11i5rnm xat24cr x1mh8g0r x1vvkbs xtlvy1s x126k92a\">\n<div dir=\"auto\">Vom 15. Mai bis 20. Juni<\/div>\n<\/div>\n<div class=\"x11i5rnm xat24cr x1mh8g0r x1vvkbs xtlvy1s x126k92a\">\n<div dir=\"auto\">Montag bis Freitag<\/div>\n<div dir=\"auto\">Von 10:00 bis 13:00 Uhr und von 17:00 bis 20:00 Uhr<\/div>\n<\/div>\n<\/div>\n","protected":false},"excerpt":{"rendered":"<p>Rafael Morales pr\u00e4sentierte am Donnerstagnachmittag, 15. Mai, in der Casa de la Cultura seine neue Fotoausstellung, eine visuelle Hommage an Puerto del Rosario und seine K\u00fcnstler. Der bekannte Majorero-Fotograf Rafael [&hellip;]<\/p>\n","protected":false},"author":1,"featured_media":3698,"comment_status":"open","ping_status":"open","sticky":false,"template":"","format":"standard","meta":{"inline_featured_image":false,"jnews-multi-image_gallery":[],"jnews_single_post":[],"jnews_primary_category":[],"jnews_social_meta":[],"jnews_override_counter":[],"jnews_post_split":[],"footnotes":""},"categories":[293],"tags":[],"class_list":["post-3705","post","type-post","status-publish","format-standard","has-post-thumbnail","hentry","category-puerto-del-rosario-de"],"jetpack_featured_media_url":"https:\/\/informacionlocal.es\/wp-content\/uploads\/2025\/05\/expo-22-rafa-morales-verdugo-y-rafa-0525.jpg","_links":{"self":[{"href":"https:\/\/informacionlocal.es\/de\/wp-json\/wp\/v2\/posts\/3705","targetHints":{"allow":["GET"]}}],"collection":[{"href":"https:\/\/informacionlocal.es\/de\/wp-json\/wp\/v2\/posts"}],"about":[{"href":"https:\/\/informacionlocal.es\/de\/wp-json\/wp\/v2\/types\/post"}],"author":[{"embeddable":true,"href":"https:\/\/informacionlocal.es\/de\/wp-json\/wp\/v2\/users\/1"}],"replies":[{"embeddable":true,"href":"https:\/\/informacionlocal.es\/de\/wp-json\/wp\/v2\/comments?post=3705"}],"version-history":[{"count":0,"href":"https:\/\/informacionlocal.es\/de\/wp-json\/wp\/v2\/posts\/3705\/revisions"}],"wp:featuredmedia":[{"embeddable":true,"href":"https:\/\/informacionlocal.es\/de\/wp-json\/wp\/v2\/media\/3698"}],"wp:attachment":[{"href":"https:\/\/informacionlocal.es\/de\/wp-json\/wp\/v2\/media?parent=3705"}],"wp:term":[{"taxonomy":"category","embeddable":true,"href":"https:\/\/informacionlocal.es\/de\/wp-json\/wp\/v2\/categories?post=3705"},{"taxonomy":"post_tag","embeddable":true,"href":"https:\/\/informacionlocal.es\/de\/wp-json\/wp\/v2\/tags?post=3705"}],"curies":[{"name":"wp","href":"https:\/\/api.w.org\/{rel}","templated":true}]}}