{"id":3601,"date":"2025-05-15T15:32:44","date_gmt":"2025-05-15T15:32:44","guid":{"rendered":"https:\/\/informacionlocal.es\/antigua-schliesst-die-vollstaendige-umgestaltung-der-avenida-virgen-de-la-pena-in-caleta-de-fuste-ab-und-nimmt-sie-ab\/"},"modified":"2025-05-15T15:32:44","modified_gmt":"2025-05-15T15:32:44","slug":"antigua-schliesst-die-vollstaendige-umgestaltung-der-avenida-virgen-de-la-pena-in-caleta-de-fuste-ab-und-nimmt-sie-ab","status":"publish","type":"post","link":"https:\/\/informacionlocal.es\/de\/antigua-schliesst-die-vollstaendige-umgestaltung-der-avenida-virgen-de-la-pena-in-caleta-de-fuste-ab-und-nimmt-sie-ab\/","title":{"rendered":"Antigua schlie\u00dft die vollst\u00e4ndige Umgestaltung der Avenida Virgen de la Pe\u00f1a in Caleta de Fuste ab und nimmt sie ab."},"content":{"rendered":"<div class=\"elementor-widget-container\">\n<p><strong>Antigua schlie\u00dft die vollst\u00e4ndige Umgestaltung der Avenida Virgen de la Pe\u00f1a in Caleta de Fuste ab und nimmt sie ab.<\/strong><\/p>\n<p><strong>&#8211; Ich habe ein technisches und professionelles Team, jung und vertrauensw\u00fcrdig, das reagiert und die Verbesserung von Stra\u00dfen, Alleen und Fortschrittsprojekten vorantreibt&#8220;, sagt der B\u00fcrgermeister Mat\u00edas Pe\u00f1a.  <\/strong><br \/><strong>&#8211; Caleta de Fuste f\u00fcgt die Avenida Virgen de La Pe\u00f1a zu den Hauptstra\u00dfen hinzu, die neu gestaltet, versch\u00f6nert und mit allen Anschl\u00fcssen an die verschiedenen Versorgungsnetze versehen wurden.  <\/strong><br \/><strong>&#8211; Die Avenida de Virgen de la Pe\u00f1a musste eine Pandemie und eine neue Auftragsvergabe an eine Baufirma \u00fcberstehen, aber nach einer Investition von 3,8 Millionen Euro und der \u00dcbernahme der Verantwortung f\u00fcr die Ausf\u00fchrung durch den B\u00fcrgermeister ist sie heute eine Realit\u00e4t, \u00fcber die man gerne spaziert, sagt Mat\u00edas Pe\u00f1a.<\/strong><\/p>\n<p>Der B\u00fcrgermeister von Antigua, Mat\u00edas Pe\u00f1a, war Zeuge der Unterzeichnung des Empfangs und der Fertigstellung der Arbeiten f\u00fcr die komplette Neugestaltung der Avenida Virgen de La Pe\u00f1a in Caleta de Fuste, begleitet von den Stadtr\u00e4ten f\u00fcr Stadtplanung, David Alberto, Bau und Dienstleistungen, Juan Cabrera, und Tourismus, Kristina Rodewig.<\/p>\n<p>Der B\u00fcrgermeister hat die Professionalit\u00e4t, die Best\u00e4ndigkeit und den Widerstand gegen jedes Problem des Architekten Hugo Rami hervorgehoben, der in diesem wie in anderen ausgef\u00fchrten Projekten und in der Ausf\u00fchrung mein volles Vertrauen verdient hat, ebenso wie der Leiter der elektrischen Ausr\u00fcstung, Goreti Hern\u00e1ndez, und f\u00fcgt Mat\u00edas Pe\u00f1a hinzu, und nat\u00fcrlich die st\u00e4dtischen Techniker um mich herum, die ein erfolgreiches Team sind, um die Entwicklung zahlreicher Projekte zu f\u00f6rdern, die st\u00e4dtischen Techniker um mich herum, die ein erfolgreiches Team sind, um die Entwicklung zahlreicher Projekte voranzutreiben, darunter die hier bei der Unterzeichnung des Empfangs anwesende Noelia Betancor, Chefarchitektin des technischen B\u00fcros, Marta Floriano, junge und entschlossene st\u00e4dtische Rechnungspr\u00fcferin und die Unterst\u00fctzung und Rechtsberatung der Sekret\u00e4rin des Rathauses von Antigua, Raquel Ant\u00f3n.<\/p>\n<p>Die Avenida de Virgen de la Pe\u00f1a musste eine Pandemie und eine neue Auftragsvergabe an eine Baufirma \u00fcberstehen, aber nach einer Investition von 3,8 Millionen Euro und der \u00dcbernahme der Verantwortung f\u00fcr die Ausf\u00fchrung durch den B\u00fcrgermeister ist sie heute eine Realit\u00e4t, \u00fcber die man gerne spaziert, sagt Mat\u00edas Pe\u00f1a.<\/p>\n<\/div>\n","protected":false},"excerpt":{"rendered":"<p><strong>Antigua schlie\u00dft die vollst\u00e4ndige Umgestaltung der Avenida Virgen de la Pe\u00f1a in Caleta de Fuste ab und nimmt sie ab.<\/strong><\/p>\n","protected":false},"author":1,"featured_media":3598,"comment_status":"open","ping_status":"open","sticky":false,"template":"","format":"standard","meta":{"inline_featured_image":false,"jnews-multi-image_gallery":[],"jnews_single_post":[],"jnews_primary_category":[],"jnews_social_meta":[],"jnews_override_counter":[],"jnews_post_split":[],"footnotes":""},"categories":[283],"tags":[],"class_list":["post-3601","post","type-post","status-publish","format-standard","has-post-thumbnail","hentry","category-antigua-de"],"jetpack_featured_media_url":"https:\/\/informacionlocal.es\/wp-content\/uploads\/2025\/05\/antigua-finaliza-y-recepciona-la-remodelacion-integral-de-la-avda-virgen-de-la-pena-2-scaled-1.jpg","_links":{"self":[{"href":"https:\/\/informacionlocal.es\/de\/wp-json\/wp\/v2\/posts\/3601","targetHints":{"allow":["GET"]}}],"collection":[{"href":"https:\/\/informacionlocal.es\/de\/wp-json\/wp\/v2\/posts"}],"about":[{"href":"https:\/\/informacionlocal.es\/de\/wp-json\/wp\/v2\/types\/post"}],"author":[{"embeddable":true,"href":"https:\/\/informacionlocal.es\/de\/wp-json\/wp\/v2\/users\/1"}],"replies":[{"embeddable":true,"href":"https:\/\/informacionlocal.es\/de\/wp-json\/wp\/v2\/comments?post=3601"}],"version-history":[{"count":0,"href":"https:\/\/informacionlocal.es\/de\/wp-json\/wp\/v2\/posts\/3601\/revisions"}],"wp:featuredmedia":[{"embeddable":true,"href":"https:\/\/informacionlocal.es\/de\/wp-json\/wp\/v2\/media\/3598"}],"wp:attachment":[{"href":"https:\/\/informacionlocal.es\/de\/wp-json\/wp\/v2\/media?parent=3601"}],"wp:term":[{"taxonomy":"category","embeddable":true,"href":"https:\/\/informacionlocal.es\/de\/wp-json\/wp\/v2\/categories?post=3601"},{"taxonomy":"post_tag","embeddable":true,"href":"https:\/\/informacionlocal.es\/de\/wp-json\/wp\/v2\/tags?post=3601"}],"curies":[{"name":"wp","href":"https:\/\/api.w.org\/{rel}","templated":true}]}}