{"id":3577,"date":"2025-05-14T14:47:01","date_gmt":"2025-05-14T14:47:01","guid":{"rendered":"https:\/\/informacionlocal.es\/das-rathaus-von-puerto-del-rosario-setzt-die-verbesserungsarbeiten-in-der-calle-andalusia-fort-um-die-zugaenglichkeit-sicherheit-und-staedtische-qualitaet-zu-verbessern\/"},"modified":"2025-05-14T14:47:01","modified_gmt":"2025-05-14T14:47:01","slug":"das-rathaus-von-puerto-del-rosario-setzt-die-verbesserungsarbeiten-in-der-calle-andalusia-fort-um-die-zugaenglichkeit-sicherheit-und-staedtische-qualitaet-zu-verbessern","status":"publish","type":"post","link":"https:\/\/informacionlocal.es\/de\/das-rathaus-von-puerto-del-rosario-setzt-die-verbesserungsarbeiten-in-der-calle-andalusia-fort-um-die-zugaenglichkeit-sicherheit-und-staedtische-qualitaet-zu-verbessern\/","title":{"rendered":"Das Rathaus von Puerto del Rosario setzt die Verbesserungsarbeiten in der Calle Andalusia fort, um die Zug\u00e4nglichkeit, Sicherheit und st\u00e4dtische Qualit\u00e4t zu verbessern."},"content":{"rendered":"<div class=\"entry-content\">\n<p>Die Stadtverwaltung von Puerto del Rosario berichtet \u00fcber den Fortschritt der Renovierungs- und umfassenden Verbesserungsarbeiten in der Calle Andaluc\u00eda. Diese Ma\u00dfnahme, die Teil des <strong>Plans zur st\u00e4dtischen Wiederbelebung der Viertel Fabelo und Buenavista ist,<\/strong> zielt darauf ab, diesen Raum in eine sicherere, besser zug\u00e4ngliche und funktionale Umgebung f\u00fcr alle B\u00fcrger zu verwandeln. <\/p>\n<p>Das Projekt sieht eine gr\u00fcndliche Renovierung der Stra\u00dfe vor, wobei besonderes Augenmerk auf die Verbesserung des Fu\u00dfg\u00e4ngerverkehrs durch Verbreiterung der B\u00fcrgersteige und Beseitigung architektonischer Hindernisse gelegt wird.<\/p>\n<p>Dar\u00fcber hinaus liegt der Schwerpunkt der Ma\u00dfnahme auf der <strong>Optimierung der Beleuchtung und der Sichtbarkeit,<\/strong> um st\u00e4dtische R\u00e4ume sicherer zu machen, insbesondere unter dem Gesichtspunkt der Gleichstellung von Frauen und M\u00e4nnern, was dem Schwerpunkt der neuen st\u00e4dtischen Agenda entspricht. Ziel ist es, schattige Bereiche oder Ecken und Winkel zu beseitigen, die ein Gef\u00fchl der Unsicherheit hervorrufen k\u00f6nnen, um die Nutzung des \u00f6ffentlichen Raums durch die B\u00fcrger zu f\u00f6rdern und soziale Aktivit\u00e4ten zu reaktivieren. <\/p>\n<p>Die Arbeiten umfassen auch die Erneuerung der Versorgungsnetze und den Austausch der Stra\u00dfenbeleuchtung durch effizientere Systeme, wodurch das Engagement der Stadt f\u00fcr Nachhaltigkeit und die kontinuierliche Verbesserung der st\u00e4dtischen Infrastrukturen verst\u00e4rkt wird.<\/p>\n<p>Der B\u00fcrgermeister von Puerto del Rosario, <strong>David de Vera<\/strong>, betonte, dass <em>&#8222;Aktionen wie diese es uns erm\u00f6glichen, eine lebenswertere und zug\u00e4nglichere Stadt zu schaffen, die an die tats\u00e4chlichen Bed\u00fcrfnisse ihrer Bewohner angepasst ist. Unser Engagement f\u00fcr die Stadtteile spiegelt sich in konkreten Investitionen wider, die ihr t\u00e4gliches Leben verbessern&#8220;.<\/em><\/p>\n<p>Die Stadtr\u00e4tin f\u00fcr Bauwesen, <strong>Ana Hern\u00e1ndez<\/strong>, betonte ihrerseits, dass <em>&#8222;die Verbesserung der Zug\u00e4nglichkeit eine Priorit\u00e4t bei dieser Ma\u00dfnahme war, um Menschen mit eingeschr\u00e4nkter Mobilit\u00e4t einen sicheren Transport zu gew\u00e4hrleisten, w\u00e4hrend die Beleuchtungsnetze mit effizienteren und nachhaltigeren Systemen erneuert und die Versorgungsinfrastrukturen aktualisiert wurden, um einen besseren Service zu bieten&#8220;.<\/em><\/p>\n<p>Mit dieser Ma\u00dfnahme bekr\u00e4ftigt der Stadtrat sein Engagement f\u00fcr eine integrativere, nachhaltigere und koh\u00e4sivere Stadt im Einklang mit den Kriterien f\u00fcr die allgemeine Zug\u00e4nglichkeit, die in der Verordnung TMA\/851\/2021 festgelegt sind. Sie unterstreicht auch das institutionelle Engagement f\u00fcr die Verbesserung der st\u00e4dtischen Umwelt zum Wohle der Einwohner und zur F\u00f6rderung der lokalen Wirtschaftst\u00e4tigkeit. <\/p>\n<\/div>\n","protected":false},"excerpt":{"rendered":"<p>Die Stadtverwaltung von Puerto del Rosario berichtet \u00fcber den Fortschritt der Renovierungs- und umfassenden Verbesserungsarbeiten in der Calle Andaluc\u00eda. Diese Ma\u00dfnahme, die Teil des Plans zur st\u00e4dtischen Wiederbelebung der Viertel [&hellip;]<\/p>\n","protected":false},"author":1,"featured_media":3574,"comment_status":"open","ping_status":"open","sticky":false,"template":"","format":"standard","meta":{"inline_featured_image":false,"jnews-multi-image_gallery":[],"jnews_single_post":[],"jnews_primary_category":[],"jnews_social_meta":[],"jnews_override_counter":[],"jnews_post_split":[],"footnotes":""},"categories":[293],"tags":[],"class_list":["post-3577","post","type-post","status-publish","format-standard","has-post-thumbnail","hentry","category-puerto-del-rosario-de"],"jetpack_featured_media_url":"https:\/\/informacionlocal.es\/wp-content\/uploads\/2025\/05\/obras-22-calle-andalucia-130525.jpg","_links":{"self":[{"href":"https:\/\/informacionlocal.es\/de\/wp-json\/wp\/v2\/posts\/3577","targetHints":{"allow":["GET"]}}],"collection":[{"href":"https:\/\/informacionlocal.es\/de\/wp-json\/wp\/v2\/posts"}],"about":[{"href":"https:\/\/informacionlocal.es\/de\/wp-json\/wp\/v2\/types\/post"}],"author":[{"embeddable":true,"href":"https:\/\/informacionlocal.es\/de\/wp-json\/wp\/v2\/users\/1"}],"replies":[{"embeddable":true,"href":"https:\/\/informacionlocal.es\/de\/wp-json\/wp\/v2\/comments?post=3577"}],"version-history":[{"count":0,"href":"https:\/\/informacionlocal.es\/de\/wp-json\/wp\/v2\/posts\/3577\/revisions"}],"wp:featuredmedia":[{"embeddable":true,"href":"https:\/\/informacionlocal.es\/de\/wp-json\/wp\/v2\/media\/3574"}],"wp:attachment":[{"href":"https:\/\/informacionlocal.es\/de\/wp-json\/wp\/v2\/media?parent=3577"}],"wp:term":[{"taxonomy":"category","embeddable":true,"href":"https:\/\/informacionlocal.es\/de\/wp-json\/wp\/v2\/categories?post=3577"},{"taxonomy":"post_tag","embeddable":true,"href":"https:\/\/informacionlocal.es\/de\/wp-json\/wp\/v2\/tags?post=3577"}],"curies":[{"name":"wp","href":"https:\/\/api.w.org\/{rel}","templated":true}]}}